{"id":614,"date":"2021-08-20T14:55:38","date_gmt":"2021-08-20T12:55:38","guid":{"rendered":"http:\/\/cafedelespace.com\/?p=614"},"modified":"2023-12-08T12:32:18","modified_gmt":"2023-12-08T11:32:18","slug":"ateliers-informatique","status":"publish","type":"post","link":"https:\/\/cafedelespace.com\/index.php\/2021\/08\/20\/ateliers-informatique\/","title":{"rendered":"VENDREDI 19 JANVIER ! CONCERT EXCEPTIONNEL DE LA JARRY !"},"content":{"rendered":"\n<p><\/p>\n\n\n\n<p class=\"has-text-align-center\">LA JARRY c&rsquo;est LE groupe de Rock Alternatif qui<br>chante en Fran\u00e7ais ! La JARRY sillone les routes de<br>France, Canada, Suisse, Belgique et d\u00e9sormais les<br>plus grands festivals (printemps de Bourges,<br>Francofolies, Aluna\u2026) pour le plus grand plaisir des<br>spectateurs. Car le carburant de La JARRY c&rsquo;est<br>AVANT TOUT, la SC\u00c8NE !!<\/p>\n\n\n\n<p class=\"has-text-align-center\">Entr\u00e9e 4\u20ac adh\u00e9rents\/6\u20ac non adh\u00e9rents &#8211; d\u00e9but du concert 21h &#8211; Petite restauration sur place<\/p>\n\n\n\n<p><br><\/p>\n","protected":false},"excerpt":{"rendered":"<p>LA JARRY c&rsquo;est LE groupe de Rock Alternatif quichante en Fran\u00e7ais ! La JARRY sillone les routes deFrance, Canada, Suisse, Belgique et d\u00e9sormais lesplus grands festivals (printemps de Bourges,Francofolies, Aluna\u2026) pour le plus grand plaisir desspectateurs. Car le carburant de La JARRY c&rsquo;estAVANT TOUT, la SC\u00c8NE !! Entr\u00e9e 4\u20ac adh\u00e9rents\/6\u20ac non adh\u00e9rents &#8211; d\u00e9but du &hellip; <\/p>\n","protected":false},"author":2,"featured_media":1473,"comment_status":"closed","ping_status":"closed","sticky":false,"template":"","format":"standard","meta":{"footnotes":""},"categories":[7],"tags":[],"class_list":["post-614","post","type-post","status-publish","format-standard","has-post-thumbnail","hentry","category-animation","latest_post"],"yoast_head":"<!-- This site is optimized with the Yoast SEO plugin v27.2 - https:\/\/yoast.com\/product\/yoast-seo-wordpress\/ -->\n<title>VENDREDI 19 JANVIER ! CONCERT EXCEPTIONNEL DE LA JARRY ! &#8212; Le Caf\u00e9 de l&#039;Espace<\/title>\n<meta name=\"robots\" content=\"index, follow, max-snippet:-1, max-image-preview:large, max-video-preview:-1\" \/>\n<link rel=\"canonical\" href=\"https:\/\/cafedelespace.com\/index.php\/2021\/08\/20\/ateliers-informatique\/\" \/>\n<meta property=\"og:locale\" content=\"fr_FR\" \/>\n<meta property=\"og:type\" content=\"article\" \/>\n<meta property=\"og:title\" content=\"VENDREDI 19 JANVIER ! CONCERT EXCEPTIONNEL DE LA JARRY ! &#8212; Le Caf\u00e9 de l&#039;Espace\" \/>\n<meta property=\"og:description\" content=\"LA JARRY c&rsquo;est LE groupe de Rock Alternatif quichante en Fran\u00e7ais ! La JARRY sillone les routes deFrance, Canada, Suisse, Belgique et d\u00e9sormais lesplus grands festivals (printemps de Bourges,Francofolies, Aluna\u2026) pour le plus grand plaisir desspectateurs. Car le carburant de La JARRY c&rsquo;estAVANT TOUT, la SC\u00c8NE !! Entr\u00e9e 4\u20ac adh\u00e9rents\/6\u20ac non adh\u00e9rents &#8211; d\u00e9but du &hellip;\" \/>\n<meta property=\"og:url\" content=\"https:\/\/cafedelespace.com\/index.php\/2021\/08\/20\/ateliers-informatique\/\" \/>\n<meta property=\"og:site_name\" content=\"Le Caf\u00e9 de l&#039;Espace\" \/>\n<meta property=\"article:publisher\" content=\"https:\/\/www.facebook.com\/Cafe.de.lEspace\/\" \/>\n<meta property=\"article:published_time\" content=\"2021-08-20T12:55:38+00:00\" \/>\n<meta property=\"article:modified_time\" content=\"2023-12-08T11:32:18+00:00\" \/>\n<meta property=\"og:image\" content=\"https:\/\/cafedelespace.com\/wp-content\/uploads\/2021\/08\/ben-et-lj-2024.jpg\" \/>\n\t<meta property=\"og:image:width\" content=\"2048\" \/>\n\t<meta property=\"og:image:height\" content=\"1365\" \/>\n\t<meta property=\"og:image:type\" content=\"image\/jpeg\" \/>\n<meta name=\"author\" content=\"Espace Administrateur\" \/>\n<meta name=\"twitter:card\" content=\"summary_large_image\" \/>\n<meta name=\"twitter:label1\" content=\"\u00c9crit par\" \/>\n\t<meta name=\"twitter:data1\" content=\"Espace Administrateur\" \/>\n<script type=\"application\/ld+json\" class=\"yoast-schema-graph\">{\"@context\":\"https:\/\/schema.org\",\"@graph\":[{\"@type\":\"Article\",\"@id\":\"https:\/\/cafedelespace.com\/index.php\/2021\/08\/20\/ateliers-informatique\/#article\",\"isPartOf\":{\"@id\":\"https:\/\/cafedelespace.com\/index.php\/2021\/08\/20\/ateliers-informatique\/\"},\"author\":{\"name\":\"Espace Administrateur\",\"@id\":\"https:\/\/cafedelespace.com\/#\/schema\/person\/ec7d37036c008f0a1d20499f92874bb6\"},\"headline\":\"VENDREDI 19 JANVIER ! CONCERT EXCEPTIONNEL DE LA JARRY !\",\"datePublished\":\"2021-08-20T12:55:38+00:00\",\"dateModified\":\"2023-12-08T11:32:18+00:00\",\"mainEntityOfPage\":{\"@id\":\"https:\/\/cafedelespace.com\/index.php\/2021\/08\/20\/ateliers-informatique\/\"},\"wordCount\":74,\"publisher\":{\"@id\":\"https:\/\/cafedelespace.com\/#organization\"},\"image\":{\"@id\":\"https:\/\/cafedelespace.com\/index.php\/2021\/08\/20\/ateliers-informatique\/#primaryimage\"},\"thumbnailUrl\":\"https:\/\/cafedelespace.com\/wp-content\/uploads\/2021\/08\/ben-et-lj-2024.jpg\",\"articleSection\":[\"Animation\"],\"inLanguage\":\"fr-FR\"},{\"@type\":\"WebPage\",\"@id\":\"https:\/\/cafedelespace.com\/index.php\/2021\/08\/20\/ateliers-informatique\/\",\"url\":\"https:\/\/cafedelespace.com\/index.php\/2021\/08\/20\/ateliers-informatique\/\",\"name\":\"VENDREDI 19 JANVIER ! CONCERT EXCEPTIONNEL DE LA JARRY ! &#8212; Le Caf\u00e9 de l&#039;Espace\",\"isPartOf\":{\"@id\":\"https:\/\/cafedelespace.com\/#website\"},\"primaryImageOfPage\":{\"@id\":\"https:\/\/cafedelespace.com\/index.php\/2021\/08\/20\/ateliers-informatique\/#primaryimage\"},\"image\":{\"@id\":\"https:\/\/cafedelespace.com\/index.php\/2021\/08\/20\/ateliers-informatique\/#primaryimage\"},\"thumbnailUrl\":\"https:\/\/cafedelespace.com\/wp-content\/uploads\/2021\/08\/ben-et-lj-2024.jpg\",\"datePublished\":\"2021-08-20T12:55:38+00:00\",\"dateModified\":\"2023-12-08T11:32:18+00:00\",\"breadcrumb\":{\"@id\":\"https:\/\/cafedelespace.com\/index.php\/2021\/08\/20\/ateliers-informatique\/#breadcrumb\"},\"inLanguage\":\"fr-FR\",\"potentialAction\":[{\"@type\":\"ReadAction\",\"target\":[\"https:\/\/cafedelespace.com\/index.php\/2021\/08\/20\/ateliers-informatique\/\"]}]},{\"@type\":\"ImageObject\",\"inLanguage\":\"fr-FR\",\"@id\":\"https:\/\/cafedelespace.com\/index.php\/2021\/08\/20\/ateliers-informatique\/#primaryimage\",\"url\":\"https:\/\/cafedelespace.com\/wp-content\/uploads\/2021\/08\/ben-et-lj-2024.jpg\",\"contentUrl\":\"https:\/\/cafedelespace.com\/wp-content\/uploads\/2021\/08\/ben-et-lj-2024.jpg\",\"width\":2048,\"height\":1365},{\"@type\":\"BreadcrumbList\",\"@id\":\"https:\/\/cafedelespace.com\/index.php\/2021\/08\/20\/ateliers-informatique\/#breadcrumb\",\"itemListElement\":[{\"@type\":\"ListItem\",\"position\":1,\"name\":\"Accueil\",\"item\":\"https:\/\/cafedelespace.com\/\"},{\"@type\":\"ListItem\",\"position\":2,\"name\":\"VENDREDI 19 JANVIER ! CONCERT EXCEPTIONNEL DE LA JARRY !\"}]},{\"@type\":\"WebSite\",\"@id\":\"https:\/\/cafedelespace.com\/#website\",\"url\":\"https:\/\/cafedelespace.com\/\",\"name\":\"Le Caf\u00e9 de l Espace - Espace Associatif Alain Fauriaux\",\"description\":\"Espace Associatif Alain Fauriaux\",\"publisher\":{\"@id\":\"https:\/\/cafedelespace.com\/#organization\"},\"potentialAction\":[{\"@type\":\"SearchAction\",\"target\":{\"@type\":\"EntryPoint\",\"urlTemplate\":\"https:\/\/cafedelespace.com\/?s={search_term_string}\"},\"query-input\":{\"@type\":\"PropertyValueSpecification\",\"valueRequired\":true,\"valueName\":\"search_term_string\"}}],\"inLanguage\":\"fr-FR\"},{\"@type\":\"Organization\",\"@id\":\"https:\/\/cafedelespace.com\/#organization\",\"name\":\"Caf\u00e9 de l'Espace\",\"url\":\"https:\/\/cafedelespace.com\/\",\"logo\":{\"@type\":\"ImageObject\",\"inLanguage\":\"fr-FR\",\"@id\":\"https:\/\/cafedelespace.com\/#\/schema\/logo\/image\/\",\"url\":\"https:\/\/cafedelespace.com\/wp-content\/uploads\/2020\/04\/logo-peinture.png\",\"contentUrl\":\"https:\/\/cafedelespace.com\/wp-content\/uploads\/2020\/04\/logo-peinture.png\",\"width\":500,\"height\":500,\"caption\":\"Caf\u00e9 de l'Espace\"},\"image\":{\"@id\":\"https:\/\/cafedelespace.com\/#\/schema\/logo\/image\/\"},\"sameAs\":[\"https:\/\/www.facebook.com\/Cafe.de.lEspace\/\"]},{\"@type\":\"Person\",\"@id\":\"https:\/\/cafedelespace.com\/#\/schema\/person\/ec7d37036c008f0a1d20499f92874bb6\",\"name\":\"Espace Administrateur\",\"image\":{\"@type\":\"ImageObject\",\"inLanguage\":\"fr-FR\",\"@id\":\"https:\/\/secure.gravatar.com\/avatar\/73b7c627ea77f3bba18bb09a15c50814612014e5a7e8f05fed1269f8e32a9060?s=96&d=mm&r=g\",\"url\":\"https:\/\/secure.gravatar.com\/avatar\/73b7c627ea77f3bba18bb09a15c50814612014e5a7e8f05fed1269f8e32a9060?s=96&d=mm&r=g\",\"contentUrl\":\"https:\/\/secure.gravatar.com\/avatar\/73b7c627ea77f3bba18bb09a15c50814612014e5a7e8f05fed1269f8e32a9060?s=96&d=mm&r=g\",\"caption\":\"Espace Administrateur\"}}]}<\/script>\n<!-- \/ Yoast SEO plugin. -->","yoast_head_json":{"title":"VENDREDI 19 JANVIER ! CONCERT EXCEPTIONNEL DE LA JARRY ! &#8212; Le Caf\u00e9 de l&#039;Espace","robots":{"index":"index","follow":"follow","max-snippet":"max-snippet:-1","max-image-preview":"max-image-preview:large","max-video-preview":"max-video-preview:-1"},"canonical":"https:\/\/cafedelespace.com\/index.php\/2021\/08\/20\/ateliers-informatique\/","og_locale":"fr_FR","og_type":"article","og_title":"VENDREDI 19 JANVIER ! CONCERT EXCEPTIONNEL DE LA JARRY ! &#8212; Le Caf\u00e9 de l&#039;Espace","og_description":"LA JARRY c&rsquo;est LE groupe de Rock Alternatif quichante en Fran\u00e7ais ! La JARRY sillone les routes deFrance, Canada, Suisse, Belgique et d\u00e9sormais lesplus grands festivals (printemps de Bourges,Francofolies, Aluna\u2026) pour le plus grand plaisir desspectateurs. Car le carburant de La JARRY c&rsquo;estAVANT TOUT, la SC\u00c8NE !! Entr\u00e9e 4\u20ac adh\u00e9rents\/6\u20ac non adh\u00e9rents &#8211; d\u00e9but du &hellip;","og_url":"https:\/\/cafedelespace.com\/index.php\/2021\/08\/20\/ateliers-informatique\/","og_site_name":"Le Caf\u00e9 de l&#039;Espace","article_publisher":"https:\/\/www.facebook.com\/Cafe.de.lEspace\/","article_published_time":"2021-08-20T12:55:38+00:00","article_modified_time":"2023-12-08T11:32:18+00:00","og_image":[{"width":2048,"height":1365,"url":"https:\/\/cafedelespace.com\/wp-content\/uploads\/2021\/08\/ben-et-lj-2024.jpg","type":"image\/jpeg"}],"author":"Espace Administrateur","twitter_card":"summary_large_image","twitter_misc":{"\u00c9crit par":"Espace Administrateur"},"schema":{"@context":"https:\/\/schema.org","@graph":[{"@type":"Article","@id":"https:\/\/cafedelespace.com\/index.php\/2021\/08\/20\/ateliers-informatique\/#article","isPartOf":{"@id":"https:\/\/cafedelespace.com\/index.php\/2021\/08\/20\/ateliers-informatique\/"},"author":{"name":"Espace Administrateur","@id":"https:\/\/cafedelespace.com\/#\/schema\/person\/ec7d37036c008f0a1d20499f92874bb6"},"headline":"VENDREDI 19 JANVIER ! CONCERT EXCEPTIONNEL DE LA JARRY !","datePublished":"2021-08-20T12:55:38+00:00","dateModified":"2023-12-08T11:32:18+00:00","mainEntityOfPage":{"@id":"https:\/\/cafedelespace.com\/index.php\/2021\/08\/20\/ateliers-informatique\/"},"wordCount":74,"publisher":{"@id":"https:\/\/cafedelespace.com\/#organization"},"image":{"@id":"https:\/\/cafedelespace.com\/index.php\/2021\/08\/20\/ateliers-informatique\/#primaryimage"},"thumbnailUrl":"https:\/\/cafedelespace.com\/wp-content\/uploads\/2021\/08\/ben-et-lj-2024.jpg","articleSection":["Animation"],"inLanguage":"fr-FR"},{"@type":"WebPage","@id":"https:\/\/cafedelespace.com\/index.php\/2021\/08\/20\/ateliers-informatique\/","url":"https:\/\/cafedelespace.com\/index.php\/2021\/08\/20\/ateliers-informatique\/","name":"VENDREDI 19 JANVIER ! CONCERT EXCEPTIONNEL DE LA JARRY ! &#8212; Le Caf\u00e9 de l&#039;Espace","isPartOf":{"@id":"https:\/\/cafedelespace.com\/#website"},"primaryImageOfPage":{"@id":"https:\/\/cafedelespace.com\/index.php\/2021\/08\/20\/ateliers-informatique\/#primaryimage"},"image":{"@id":"https:\/\/cafedelespace.com\/index.php\/2021\/08\/20\/ateliers-informatique\/#primaryimage"},"thumbnailUrl":"https:\/\/cafedelespace.com\/wp-content\/uploads\/2021\/08\/ben-et-lj-2024.jpg","datePublished":"2021-08-20T12:55:38+00:00","dateModified":"2023-12-08T11:32:18+00:00","breadcrumb":{"@id":"https:\/\/cafedelespace.com\/index.php\/2021\/08\/20\/ateliers-informatique\/#breadcrumb"},"inLanguage":"fr-FR","potentialAction":[{"@type":"ReadAction","target":["https:\/\/cafedelespace.com\/index.php\/2021\/08\/20\/ateliers-informatique\/"]}]},{"@type":"ImageObject","inLanguage":"fr-FR","@id":"https:\/\/cafedelespace.com\/index.php\/2021\/08\/20\/ateliers-informatique\/#primaryimage","url":"https:\/\/cafedelespace.com\/wp-content\/uploads\/2021\/08\/ben-et-lj-2024.jpg","contentUrl":"https:\/\/cafedelespace.com\/wp-content\/uploads\/2021\/08\/ben-et-lj-2024.jpg","width":2048,"height":1365},{"@type":"BreadcrumbList","@id":"https:\/\/cafedelespace.com\/index.php\/2021\/08\/20\/ateliers-informatique\/#breadcrumb","itemListElement":[{"@type":"ListItem","position":1,"name":"Accueil","item":"https:\/\/cafedelespace.com\/"},{"@type":"ListItem","position":2,"name":"VENDREDI 19 JANVIER ! CONCERT EXCEPTIONNEL DE LA JARRY !"}]},{"@type":"WebSite","@id":"https:\/\/cafedelespace.com\/#website","url":"https:\/\/cafedelespace.com\/","name":"Le Caf\u00e9 de l Espace - Espace Associatif Alain Fauriaux","description":"Espace Associatif Alain Fauriaux","publisher":{"@id":"https:\/\/cafedelespace.com\/#organization"},"potentialAction":[{"@type":"SearchAction","target":{"@type":"EntryPoint","urlTemplate":"https:\/\/cafedelespace.com\/?s={search_term_string}"},"query-input":{"@type":"PropertyValueSpecification","valueRequired":true,"valueName":"search_term_string"}}],"inLanguage":"fr-FR"},{"@type":"Organization","@id":"https:\/\/cafedelespace.com\/#organization","name":"Caf\u00e9 de l'Espace","url":"https:\/\/cafedelespace.com\/","logo":{"@type":"ImageObject","inLanguage":"fr-FR","@id":"https:\/\/cafedelespace.com\/#\/schema\/logo\/image\/","url":"https:\/\/cafedelespace.com\/wp-content\/uploads\/2020\/04\/logo-peinture.png","contentUrl":"https:\/\/cafedelespace.com\/wp-content\/uploads\/2020\/04\/logo-peinture.png","width":500,"height":500,"caption":"Caf\u00e9 de l'Espace"},"image":{"@id":"https:\/\/cafedelespace.com\/#\/schema\/logo\/image\/"},"sameAs":["https:\/\/www.facebook.com\/Cafe.de.lEspace\/"]},{"@type":"Person","@id":"https:\/\/cafedelespace.com\/#\/schema\/person\/ec7d37036c008f0a1d20499f92874bb6","name":"Espace Administrateur","image":{"@type":"ImageObject","inLanguage":"fr-FR","@id":"https:\/\/secure.gravatar.com\/avatar\/73b7c627ea77f3bba18bb09a15c50814612014e5a7e8f05fed1269f8e32a9060?s=96&d=mm&r=g","url":"https:\/\/secure.gravatar.com\/avatar\/73b7c627ea77f3bba18bb09a15c50814612014e5a7e8f05fed1269f8e32a9060?s=96&d=mm&r=g","contentUrl":"https:\/\/secure.gravatar.com\/avatar\/73b7c627ea77f3bba18bb09a15c50814612014e5a7e8f05fed1269f8e32a9060?s=96&d=mm&r=g","caption":"Espace Administrateur"}}]}},"_links":{"self":[{"href":"https:\/\/cafedelespace.com\/index.php\/wp-json\/wp\/v2\/posts\/614","targetHints":{"allow":["GET"]}}],"collection":[{"href":"https:\/\/cafedelespace.com\/index.php\/wp-json\/wp\/v2\/posts"}],"about":[{"href":"https:\/\/cafedelespace.com\/index.php\/wp-json\/wp\/v2\/types\/post"}],"author":[{"embeddable":true,"href":"https:\/\/cafedelespace.com\/index.php\/wp-json\/wp\/v2\/users\/2"}],"replies":[{"embeddable":true,"href":"https:\/\/cafedelespace.com\/index.php\/wp-json\/wp\/v2\/comments?post=614"}],"version-history":[{"count":10,"href":"https:\/\/cafedelespace.com\/index.php\/wp-json\/wp\/v2\/posts\/614\/revisions"}],"predecessor-version":[{"id":1474,"href":"https:\/\/cafedelespace.com\/index.php\/wp-json\/wp\/v2\/posts\/614\/revisions\/1474"}],"wp:featuredmedia":[{"embeddable":true,"href":"https:\/\/cafedelespace.com\/index.php\/wp-json\/wp\/v2\/media\/1473"}],"wp:attachment":[{"href":"https:\/\/cafedelespace.com\/index.php\/wp-json\/wp\/v2\/media?parent=614"}],"wp:term":[{"taxonomy":"category","embeddable":true,"href":"https:\/\/cafedelespace.com\/index.php\/wp-json\/wp\/v2\/categories?post=614"},{"taxonomy":"post_tag","embeddable":true,"href":"https:\/\/cafedelespace.com\/index.php\/wp-json\/wp\/v2\/tags?post=614"}],"curies":[{"name":"wp","href":"https:\/\/api.w.org\/{rel}","templated":true}]}}