{"id":2395,"date":"2026-03-05T17:50:24","date_gmt":"2026-03-05T16:50:24","guid":{"rendered":"https:\/\/cafedelespace.com\/?p=2395"},"modified":"2026-03-05T17:50:25","modified_gmt":"2026-03-05T16:50:25","slug":"saint-patrick-13-mars","status":"publish","type":"post","link":"https:\/\/cafedelespace.com\/index.php\/2026\/03\/05\/saint-patrick-13-mars\/","title":{"rendered":"Saint-Patrick &#8211; 13 mars"},"content":{"rendered":"\n<p>C&rsquo;est le retour de cette soir\u00e9e de l&rsquo;ann\u00e9e que vous adorez tant au caf\u00e9 !! Notre fameuse SAINT PATRICK et son ambiance pub Irlandais !!<\/p>\n\n\n\n<p>C&rsquo;est avec le groupe de musique irlandaise CRAIC IN THE BOX qu&rsquo;on va te faire taper du pieds et lever du coude !<\/p>\n\n\n\n<p>Bi\u00e8res sp\u00e9ciales bouteilles (avec et sans alcool) et \u00e0 la pression pour la soir\u00e9e <img decoding=\"async\" height=\"16\" width=\"16\" alt=\"\ud83c\udf7b\" src=\"https:\/\/static.xx.fbcdn.net\/images\/emoji.php\/v9\/t96\/1\/16\/1f37b.png\"><\/p>\n\n\n\n<p>Et pour l&rsquo;occas&rsquo; on te concocte une petite marmite de Carbonnade Flamande maison ! huuuummm <img decoding=\"async\" height=\"16\" width=\"16\" alt=\"\ud83d\ude0b\" src=\"https:\/\/static.xx.fbcdn.net\/images\/emoji.php\/v9\/t0\/1\/16\/1f60b.png\">!<\/p>\n\n\n\n<p>VENDREDI 13 MARS &#8211; 20H &#8211; PRIX LIBRE-Carbonnade 5\u20ac<\/p>\n\n\n\n<p>Le bisou <img decoding=\"async\" height=\"16\" width=\"16\" alt=\"\ud83d\udc99\" src=\"https:\/\/static.xx.fbcdn.net\/images\/emoji.php\/v9\/t6c\/1\/16\/1f499.png\"><\/p>\n","protected":false},"excerpt":{"rendered":"<p>C&rsquo;est le retour de cette soir\u00e9e de l&rsquo;ann\u00e9e que vous adorez tant au caf\u00e9 !! Notre fameuse SAINT PATRICK et son ambiance pub Irlandais !! C&rsquo;est avec le groupe de musique irlandaise CRAIC IN THE BOX qu&rsquo;on va te faire taper du pieds et lever du coude ! Bi\u00e8res sp\u00e9ciales bouteilles (avec et sans alcool) &hellip; <\/p>\n","protected":false},"author":3,"featured_media":2396,"comment_status":"closed","ping_status":"closed","sticky":false,"template":"","format":"standard","meta":{"footnotes":""},"categories":[3],"tags":[],"class_list":["post-2395","post","type-post","status-publish","format-standard","has-post-thumbnail","hentry","category-concert","latest_post"],"yoast_head":"<!-- This site is optimized with the Yoast SEO plugin v27.2 - https:\/\/yoast.com\/product\/yoast-seo-wordpress\/ -->\n<title>Saint-Patrick - 13 mars &#8212; Le Caf\u00e9 de l&#039;Espace<\/title>\n<meta name=\"robots\" content=\"index, follow, max-snippet:-1, max-image-preview:large, max-video-preview:-1\" \/>\n<link rel=\"canonical\" href=\"https:\/\/cafedelespace.com\/index.php\/2026\/03\/05\/saint-patrick-13-mars\/\" \/>\n<meta property=\"og:locale\" content=\"fr_FR\" \/>\n<meta property=\"og:type\" content=\"article\" \/>\n<meta property=\"og:title\" content=\"Saint-Patrick - 13 mars &#8212; Le Caf\u00e9 de l&#039;Espace\" \/>\n<meta property=\"og:description\" content=\"C&rsquo;est le retour de cette soir\u00e9e de l&rsquo;ann\u00e9e que vous adorez tant au caf\u00e9 !! Notre fameuse SAINT PATRICK et son ambiance pub Irlandais !! C&rsquo;est avec le groupe de musique irlandaise CRAIC IN THE BOX qu&rsquo;on va te faire taper du pieds et lever du coude ! Bi\u00e8res sp\u00e9ciales bouteilles (avec et sans alcool) &hellip;\" \/>\n<meta property=\"og:url\" content=\"https:\/\/cafedelespace.com\/index.php\/2026\/03\/05\/saint-patrick-13-mars\/\" \/>\n<meta property=\"og:site_name\" content=\"Le Caf\u00e9 de l&#039;Espace\" \/>\n<meta property=\"article:publisher\" content=\"https:\/\/www.facebook.com\/Cafe.de.lEspace\/\" \/>\n<meta property=\"article:published_time\" content=\"2026-03-05T16:50:24+00:00\" \/>\n<meta property=\"article:modified_time\" content=\"2026-03-05T16:50:25+00:00\" \/>\n<meta property=\"og:image\" content=\"https:\/\/cafedelespace.com\/wp-content\/uploads\/2026\/03\/st-patrick.png\" \/>\n\t<meta property=\"og:image:width\" content=\"1587\" \/>\n\t<meta property=\"og:image:height\" content=\"2245\" \/>\n\t<meta property=\"og:image:type\" content=\"image\/png\" \/>\n<meta name=\"author\" content=\"animation\" \/>\n<meta name=\"twitter:card\" content=\"summary_large_image\" \/>\n<meta name=\"twitter:label1\" content=\"\u00c9crit par\" \/>\n\t<meta name=\"twitter:data1\" content=\"animation\" \/>\n<script type=\"application\/ld+json\" class=\"yoast-schema-graph\">{\"@context\":\"https:\/\/schema.org\",\"@graph\":[{\"@type\":\"Article\",\"@id\":\"https:\/\/cafedelespace.com\/index.php\/2026\/03\/05\/saint-patrick-13-mars\/#article\",\"isPartOf\":{\"@id\":\"https:\/\/cafedelespace.com\/index.php\/2026\/03\/05\/saint-patrick-13-mars\/\"},\"author\":{\"name\":\"animation\",\"@id\":\"https:\/\/cafedelespace.com\/#\/schema\/person\/f9fc8028d82260f4b8da6d717881ed0c\"},\"headline\":\"Saint-Patrick &#8211; 13 mars\",\"datePublished\":\"2026-03-05T16:50:24+00:00\",\"dateModified\":\"2026-03-05T16:50:25+00:00\",\"mainEntityOfPage\":{\"@id\":\"https:\/\/cafedelespace.com\/index.php\/2026\/03\/05\/saint-patrick-13-mars\/\"},\"wordCount\":89,\"publisher\":{\"@id\":\"https:\/\/cafedelespace.com\/#organization\"},\"image\":{\"@id\":\"https:\/\/cafedelespace.com\/index.php\/2026\/03\/05\/saint-patrick-13-mars\/#primaryimage\"},\"thumbnailUrl\":\"https:\/\/cafedelespace.com\/wp-content\/uploads\/2026\/03\/st-patrick.png\",\"articleSection\":[\"Concert\"],\"inLanguage\":\"fr-FR\"},{\"@type\":\"WebPage\",\"@id\":\"https:\/\/cafedelespace.com\/index.php\/2026\/03\/05\/saint-patrick-13-mars\/\",\"url\":\"https:\/\/cafedelespace.com\/index.php\/2026\/03\/05\/saint-patrick-13-mars\/\",\"name\":\"Saint-Patrick - 13 mars &#8212; Le Caf\u00e9 de l&#039;Espace\",\"isPartOf\":{\"@id\":\"https:\/\/cafedelespace.com\/#website\"},\"primaryImageOfPage\":{\"@id\":\"https:\/\/cafedelespace.com\/index.php\/2026\/03\/05\/saint-patrick-13-mars\/#primaryimage\"},\"image\":{\"@id\":\"https:\/\/cafedelespace.com\/index.php\/2026\/03\/05\/saint-patrick-13-mars\/#primaryimage\"},\"thumbnailUrl\":\"https:\/\/cafedelespace.com\/wp-content\/uploads\/2026\/03\/st-patrick.png\",\"datePublished\":\"2026-03-05T16:50:24+00:00\",\"dateModified\":\"2026-03-05T16:50:25+00:00\",\"breadcrumb\":{\"@id\":\"https:\/\/cafedelespace.com\/index.php\/2026\/03\/05\/saint-patrick-13-mars\/#breadcrumb\"},\"inLanguage\":\"fr-FR\",\"potentialAction\":[{\"@type\":\"ReadAction\",\"target\":[\"https:\/\/cafedelespace.com\/index.php\/2026\/03\/05\/saint-patrick-13-mars\/\"]}]},{\"@type\":\"ImageObject\",\"inLanguage\":\"fr-FR\",\"@id\":\"https:\/\/cafedelespace.com\/index.php\/2026\/03\/05\/saint-patrick-13-mars\/#primaryimage\",\"url\":\"https:\/\/cafedelespace.com\/wp-content\/uploads\/2026\/03\/st-patrick.png\",\"contentUrl\":\"https:\/\/cafedelespace.com\/wp-content\/uploads\/2026\/03\/st-patrick.png\",\"width\":1587,\"height\":2245},{\"@type\":\"BreadcrumbList\",\"@id\":\"https:\/\/cafedelespace.com\/index.php\/2026\/03\/05\/saint-patrick-13-mars\/#breadcrumb\",\"itemListElement\":[{\"@type\":\"ListItem\",\"position\":1,\"name\":\"Accueil\",\"item\":\"https:\/\/cafedelespace.com\/\"},{\"@type\":\"ListItem\",\"position\":2,\"name\":\"Saint-Patrick &#8211; 13 mars\"}]},{\"@type\":\"WebSite\",\"@id\":\"https:\/\/cafedelespace.com\/#website\",\"url\":\"https:\/\/cafedelespace.com\/\",\"name\":\"Le Caf\u00e9 de l Espace - Espace Associatif Alain Fauriaux\",\"description\":\"Espace Associatif Alain Fauriaux\",\"publisher\":{\"@id\":\"https:\/\/cafedelespace.com\/#organization\"},\"potentialAction\":[{\"@type\":\"SearchAction\",\"target\":{\"@type\":\"EntryPoint\",\"urlTemplate\":\"https:\/\/cafedelespace.com\/?s={search_term_string}\"},\"query-input\":{\"@type\":\"PropertyValueSpecification\",\"valueRequired\":true,\"valueName\":\"search_term_string\"}}],\"inLanguage\":\"fr-FR\"},{\"@type\":\"Organization\",\"@id\":\"https:\/\/cafedelespace.com\/#organization\",\"name\":\"Caf\u00e9 de l'Espace\",\"url\":\"https:\/\/cafedelespace.com\/\",\"logo\":{\"@type\":\"ImageObject\",\"inLanguage\":\"fr-FR\",\"@id\":\"https:\/\/cafedelespace.com\/#\/schema\/logo\/image\/\",\"url\":\"https:\/\/cafedelespace.com\/wp-content\/uploads\/2020\/04\/logo-peinture.png\",\"contentUrl\":\"https:\/\/cafedelespace.com\/wp-content\/uploads\/2020\/04\/logo-peinture.png\",\"width\":500,\"height\":500,\"caption\":\"Caf\u00e9 de l'Espace\"},\"image\":{\"@id\":\"https:\/\/cafedelespace.com\/#\/schema\/logo\/image\/\"},\"sameAs\":[\"https:\/\/www.facebook.com\/Cafe.de.lEspace\/\"]},{\"@type\":\"Person\",\"@id\":\"https:\/\/cafedelespace.com\/#\/schema\/person\/f9fc8028d82260f4b8da6d717881ed0c\",\"name\":\"animation\",\"image\":{\"@type\":\"ImageObject\",\"inLanguage\":\"fr-FR\",\"@id\":\"https:\/\/secure.gravatar.com\/avatar\/58751f777ed4b9efaea83cfa49d063a6860235226a02165cc8c73a7675e9eea2?s=96&d=mm&r=g\",\"url\":\"https:\/\/secure.gravatar.com\/avatar\/58751f777ed4b9efaea83cfa49d063a6860235226a02165cc8c73a7675e9eea2?s=96&d=mm&r=g\",\"contentUrl\":\"https:\/\/secure.gravatar.com\/avatar\/58751f777ed4b9efaea83cfa49d063a6860235226a02165cc8c73a7675e9eea2?s=96&d=mm&r=g\",\"caption\":\"animation\"}}]}<\/script>\n<!-- \/ Yoast SEO plugin. -->","yoast_head_json":{"title":"Saint-Patrick - 13 mars &#8212; Le Caf\u00e9 de l&#039;Espace","robots":{"index":"index","follow":"follow","max-snippet":"max-snippet:-1","max-image-preview":"max-image-preview:large","max-video-preview":"max-video-preview:-1"},"canonical":"https:\/\/cafedelespace.com\/index.php\/2026\/03\/05\/saint-patrick-13-mars\/","og_locale":"fr_FR","og_type":"article","og_title":"Saint-Patrick - 13 mars &#8212; Le Caf\u00e9 de l&#039;Espace","og_description":"C&rsquo;est le retour de cette soir\u00e9e de l&rsquo;ann\u00e9e que vous adorez tant au caf\u00e9 !! Notre fameuse SAINT PATRICK et son ambiance pub Irlandais !! C&rsquo;est avec le groupe de musique irlandaise CRAIC IN THE BOX qu&rsquo;on va te faire taper du pieds et lever du coude ! Bi\u00e8res sp\u00e9ciales bouteilles (avec et sans alcool) &hellip;","og_url":"https:\/\/cafedelespace.com\/index.php\/2026\/03\/05\/saint-patrick-13-mars\/","og_site_name":"Le Caf\u00e9 de l&#039;Espace","article_publisher":"https:\/\/www.facebook.com\/Cafe.de.lEspace\/","article_published_time":"2026-03-05T16:50:24+00:00","article_modified_time":"2026-03-05T16:50:25+00:00","og_image":[{"width":1587,"height":2245,"url":"https:\/\/cafedelespace.com\/wp-content\/uploads\/2026\/03\/st-patrick.png","type":"image\/png"}],"author":"animation","twitter_card":"summary_large_image","twitter_misc":{"\u00c9crit par":"animation"},"schema":{"@context":"https:\/\/schema.org","@graph":[{"@type":"Article","@id":"https:\/\/cafedelespace.com\/index.php\/2026\/03\/05\/saint-patrick-13-mars\/#article","isPartOf":{"@id":"https:\/\/cafedelespace.com\/index.php\/2026\/03\/05\/saint-patrick-13-mars\/"},"author":{"name":"animation","@id":"https:\/\/cafedelespace.com\/#\/schema\/person\/f9fc8028d82260f4b8da6d717881ed0c"},"headline":"Saint-Patrick &#8211; 13 mars","datePublished":"2026-03-05T16:50:24+00:00","dateModified":"2026-03-05T16:50:25+00:00","mainEntityOfPage":{"@id":"https:\/\/cafedelespace.com\/index.php\/2026\/03\/05\/saint-patrick-13-mars\/"},"wordCount":89,"publisher":{"@id":"https:\/\/cafedelespace.com\/#organization"},"image":{"@id":"https:\/\/cafedelespace.com\/index.php\/2026\/03\/05\/saint-patrick-13-mars\/#primaryimage"},"thumbnailUrl":"https:\/\/cafedelespace.com\/wp-content\/uploads\/2026\/03\/st-patrick.png","articleSection":["Concert"],"inLanguage":"fr-FR"},{"@type":"WebPage","@id":"https:\/\/cafedelespace.com\/index.php\/2026\/03\/05\/saint-patrick-13-mars\/","url":"https:\/\/cafedelespace.com\/index.php\/2026\/03\/05\/saint-patrick-13-mars\/","name":"Saint-Patrick - 13 mars &#8212; Le Caf\u00e9 de l&#039;Espace","isPartOf":{"@id":"https:\/\/cafedelespace.com\/#website"},"primaryImageOfPage":{"@id":"https:\/\/cafedelespace.com\/index.php\/2026\/03\/05\/saint-patrick-13-mars\/#primaryimage"},"image":{"@id":"https:\/\/cafedelespace.com\/index.php\/2026\/03\/05\/saint-patrick-13-mars\/#primaryimage"},"thumbnailUrl":"https:\/\/cafedelespace.com\/wp-content\/uploads\/2026\/03\/st-patrick.png","datePublished":"2026-03-05T16:50:24+00:00","dateModified":"2026-03-05T16:50:25+00:00","breadcrumb":{"@id":"https:\/\/cafedelespace.com\/index.php\/2026\/03\/05\/saint-patrick-13-mars\/#breadcrumb"},"inLanguage":"fr-FR","potentialAction":[{"@type":"ReadAction","target":["https:\/\/cafedelespace.com\/index.php\/2026\/03\/05\/saint-patrick-13-mars\/"]}]},{"@type":"ImageObject","inLanguage":"fr-FR","@id":"https:\/\/cafedelespace.com\/index.php\/2026\/03\/05\/saint-patrick-13-mars\/#primaryimage","url":"https:\/\/cafedelespace.com\/wp-content\/uploads\/2026\/03\/st-patrick.png","contentUrl":"https:\/\/cafedelespace.com\/wp-content\/uploads\/2026\/03\/st-patrick.png","width":1587,"height":2245},{"@type":"BreadcrumbList","@id":"https:\/\/cafedelespace.com\/index.php\/2026\/03\/05\/saint-patrick-13-mars\/#breadcrumb","itemListElement":[{"@type":"ListItem","position":1,"name":"Accueil","item":"https:\/\/cafedelespace.com\/"},{"@type":"ListItem","position":2,"name":"Saint-Patrick &#8211; 13 mars"}]},{"@type":"WebSite","@id":"https:\/\/cafedelespace.com\/#website","url":"https:\/\/cafedelespace.com\/","name":"Le Caf\u00e9 de l Espace - Espace Associatif Alain Fauriaux","description":"Espace Associatif Alain Fauriaux","publisher":{"@id":"https:\/\/cafedelespace.com\/#organization"},"potentialAction":[{"@type":"SearchAction","target":{"@type":"EntryPoint","urlTemplate":"https:\/\/cafedelespace.com\/?s={search_term_string}"},"query-input":{"@type":"PropertyValueSpecification","valueRequired":true,"valueName":"search_term_string"}}],"inLanguage":"fr-FR"},{"@type":"Organization","@id":"https:\/\/cafedelespace.com\/#organization","name":"Caf\u00e9 de l'Espace","url":"https:\/\/cafedelespace.com\/","logo":{"@type":"ImageObject","inLanguage":"fr-FR","@id":"https:\/\/cafedelespace.com\/#\/schema\/logo\/image\/","url":"https:\/\/cafedelespace.com\/wp-content\/uploads\/2020\/04\/logo-peinture.png","contentUrl":"https:\/\/cafedelespace.com\/wp-content\/uploads\/2020\/04\/logo-peinture.png","width":500,"height":500,"caption":"Caf\u00e9 de l'Espace"},"image":{"@id":"https:\/\/cafedelespace.com\/#\/schema\/logo\/image\/"},"sameAs":["https:\/\/www.facebook.com\/Cafe.de.lEspace\/"]},{"@type":"Person","@id":"https:\/\/cafedelespace.com\/#\/schema\/person\/f9fc8028d82260f4b8da6d717881ed0c","name":"animation","image":{"@type":"ImageObject","inLanguage":"fr-FR","@id":"https:\/\/secure.gravatar.com\/avatar\/58751f777ed4b9efaea83cfa49d063a6860235226a02165cc8c73a7675e9eea2?s=96&d=mm&r=g","url":"https:\/\/secure.gravatar.com\/avatar\/58751f777ed4b9efaea83cfa49d063a6860235226a02165cc8c73a7675e9eea2?s=96&d=mm&r=g","contentUrl":"https:\/\/secure.gravatar.com\/avatar\/58751f777ed4b9efaea83cfa49d063a6860235226a02165cc8c73a7675e9eea2?s=96&d=mm&r=g","caption":"animation"}}]}},"_links":{"self":[{"href":"https:\/\/cafedelespace.com\/index.php\/wp-json\/wp\/v2\/posts\/2395","targetHints":{"allow":["GET"]}}],"collection":[{"href":"https:\/\/cafedelespace.com\/index.php\/wp-json\/wp\/v2\/posts"}],"about":[{"href":"https:\/\/cafedelespace.com\/index.php\/wp-json\/wp\/v2\/types\/post"}],"author":[{"embeddable":true,"href":"https:\/\/cafedelespace.com\/index.php\/wp-json\/wp\/v2\/users\/3"}],"replies":[{"embeddable":true,"href":"https:\/\/cafedelespace.com\/index.php\/wp-json\/wp\/v2\/comments?post=2395"}],"version-history":[{"count":1,"href":"https:\/\/cafedelespace.com\/index.php\/wp-json\/wp\/v2\/posts\/2395\/revisions"}],"predecessor-version":[{"id":2397,"href":"https:\/\/cafedelespace.com\/index.php\/wp-json\/wp\/v2\/posts\/2395\/revisions\/2397"}],"wp:featuredmedia":[{"embeddable":true,"href":"https:\/\/cafedelespace.com\/index.php\/wp-json\/wp\/v2\/media\/2396"}],"wp:attachment":[{"href":"https:\/\/cafedelespace.com\/index.php\/wp-json\/wp\/v2\/media?parent=2395"}],"wp:term":[{"taxonomy":"category","embeddable":true,"href":"https:\/\/cafedelespace.com\/index.php\/wp-json\/wp\/v2\/categories?post=2395"},{"taxonomy":"post_tag","embeddable":true,"href":"https:\/\/cafedelespace.com\/index.php\/wp-json\/wp\/v2\/tags?post=2395"}],"curies":[{"name":"wp","href":"https:\/\/api.w.org\/{rel}","templated":true}]}}