{"id":2383,"date":"2026-01-21T16:51:21","date_gmt":"2026-01-21T15:51:21","guid":{"rendered":"https:\/\/cafedelespace.com\/?p=2383"},"modified":"2026-02-18T14:07:35","modified_gmt":"2026-02-18T13:07:35","slug":"carnaval-de-flayat-21-fevrier","status":"publish","type":"post","link":"https:\/\/cafedelespace.com\/index.php\/2026\/01\/21\/carnaval-de-flayat-21-fevrier\/","title":{"rendered":"Carnaval de Flayat &#8211; 7 mars"},"content":{"rendered":"\n<p>Les associations de Flayat ont le plaisir de vous inviter \u00e0 participer au Carnaval des Associations de Flayat, qui aura lieu le samedi 7 mars \u00e0 partir de 15h !!!<\/p>\n\n\n\n<p>Th\u00e8me 2026 : Contes et l\u00e9gendes<\/p>\n\n\n\n<p>Au programme de cet apr\u00e8s-midi convivial et haut en couleur: un d\u00e9fil\u00e9 costum\u00e9 \u00e0 travers le village, l\u2019accompagnement musical festif de la batucada des Limouzi Samba Gang, l\u2019apparition de Monsieur Carnaval, qui sera br\u00fbl\u00e9 par les archers,et pour finir, un go\u00fbter offert aux participants!<\/p>\n\n\n\n<p>Alors sortez votre Peau d\u2019\u00c2ne, votre capuche de Robin des Bois ou vos plus belles paillettes pour venir participer \u00e0 ce d\u00e9fil\u00e9 magique accompagn\u00e9 en musique par la batucada des Limouzi Samba Gang !!<\/p>\n","protected":false},"excerpt":{"rendered":"<p>Les associations de Flayat ont le plaisir de vous inviter \u00e0 participer au Carnaval des Associations de Flayat, qui aura lieu le samedi 7 mars \u00e0 partir de 15h !!! Th\u00e8me 2026 : Contes et l\u00e9gendes Au programme de cet apr\u00e8s-midi convivial et haut en couleur: un d\u00e9fil\u00e9 costum\u00e9 \u00e0 travers le village, l\u2019accompagnement musical &hellip; <\/p>\n","protected":false},"author":3,"featured_media":2390,"comment_status":"closed","ping_status":"closed","sticky":false,"template":"","format":"standard","meta":{"footnotes":""},"categories":[7],"tags":[],"class_list":["post-2383","post","type-post","status-publish","format-standard","has-post-thumbnail","hentry","category-animation","latest_post"],"yoast_head":"<!-- This site is optimized with the Yoast SEO plugin v27.2 - https:\/\/yoast.com\/product\/yoast-seo-wordpress\/ -->\n<title>Carnaval de Flayat - 7 mars &#8212; Le Caf\u00e9 de l&#039;Espace<\/title>\n<meta name=\"robots\" content=\"index, follow, max-snippet:-1, max-image-preview:large, max-video-preview:-1\" \/>\n<link rel=\"canonical\" href=\"https:\/\/cafedelespace.com\/index.php\/2026\/01\/21\/carnaval-de-flayat-21-fevrier\/\" \/>\n<meta property=\"og:locale\" content=\"fr_FR\" \/>\n<meta property=\"og:type\" content=\"article\" \/>\n<meta property=\"og:title\" content=\"Carnaval de Flayat - 7 mars &#8212; Le Caf\u00e9 de l&#039;Espace\" \/>\n<meta property=\"og:description\" content=\"Les associations de Flayat ont le plaisir de vous inviter \u00e0 participer au Carnaval des Associations de Flayat, qui aura lieu le samedi 7 mars \u00e0 partir de 15h !!! Th\u00e8me 2026 : Contes et l\u00e9gendes Au programme de cet apr\u00e8s-midi convivial et haut en couleur: un d\u00e9fil\u00e9 costum\u00e9 \u00e0 travers le village, l\u2019accompagnement musical &hellip;\" \/>\n<meta property=\"og:url\" content=\"https:\/\/cafedelespace.com\/index.php\/2026\/01\/21\/carnaval-de-flayat-21-fevrier\/\" \/>\n<meta property=\"og:site_name\" content=\"Le Caf\u00e9 de l&#039;Espace\" \/>\n<meta property=\"article:publisher\" content=\"https:\/\/www.facebook.com\/Cafe.de.lEspace\/\" \/>\n<meta property=\"article:published_time\" content=\"2026-01-21T15:51:21+00:00\" \/>\n<meta property=\"article:modified_time\" content=\"2026-02-18T13:07:35+00:00\" \/>\n<meta property=\"og:image\" content=\"https:\/\/cafedelespace.com\/wp-content\/uploads\/2026\/01\/carnaval-report1-724x1024.png\" \/>\n\t<meta property=\"og:image:width\" content=\"724\" \/>\n\t<meta property=\"og:image:height\" content=\"1024\" \/>\n\t<meta property=\"og:image:type\" content=\"image\/png\" \/>\n<meta name=\"author\" content=\"animation\" \/>\n<meta name=\"twitter:card\" content=\"summary_large_image\" \/>\n<meta name=\"twitter:label1\" content=\"\u00c9crit par\" \/>\n\t<meta name=\"twitter:data1\" content=\"animation\" \/>\n\t<meta name=\"twitter:label2\" content=\"Dur\u00e9e de lecture estim\u00e9e\" \/>\n\t<meta name=\"twitter:data2\" content=\"1 minute\" \/>\n<script type=\"application\/ld+json\" class=\"yoast-schema-graph\">{\"@context\":\"https:\/\/schema.org\",\"@graph\":[{\"@type\":\"Article\",\"@id\":\"https:\/\/cafedelespace.com\/index.php\/2026\/01\/21\/carnaval-de-flayat-21-fevrier\/#article\",\"isPartOf\":{\"@id\":\"https:\/\/cafedelespace.com\/index.php\/2026\/01\/21\/carnaval-de-flayat-21-fevrier\/\"},\"author\":{\"name\":\"animation\",\"@id\":\"https:\/\/cafedelespace.com\/#\/schema\/person\/f9fc8028d82260f4b8da6d717881ed0c\"},\"headline\":\"Carnaval de Flayat &#8211; 7 mars\",\"datePublished\":\"2026-01-21T15:51:21+00:00\",\"dateModified\":\"2026-02-18T13:07:35+00:00\",\"mainEntityOfPage\":{\"@id\":\"https:\/\/cafedelespace.com\/index.php\/2026\/01\/21\/carnaval-de-flayat-21-fevrier\/\"},\"wordCount\":121,\"publisher\":{\"@id\":\"https:\/\/cafedelespace.com\/#organization\"},\"image\":{\"@id\":\"https:\/\/cafedelespace.com\/index.php\/2026\/01\/21\/carnaval-de-flayat-21-fevrier\/#primaryimage\"},\"thumbnailUrl\":\"https:\/\/cafedelespace.com\/wp-content\/uploads\/2026\/01\/carnaval-report1.png\",\"articleSection\":[\"Animation\"],\"inLanguage\":\"fr-FR\"},{\"@type\":\"WebPage\",\"@id\":\"https:\/\/cafedelespace.com\/index.php\/2026\/01\/21\/carnaval-de-flayat-21-fevrier\/\",\"url\":\"https:\/\/cafedelespace.com\/index.php\/2026\/01\/21\/carnaval-de-flayat-21-fevrier\/\",\"name\":\"Carnaval de Flayat - 7 mars &#8212; Le Caf\u00e9 de l&#039;Espace\",\"isPartOf\":{\"@id\":\"https:\/\/cafedelespace.com\/#website\"},\"primaryImageOfPage\":{\"@id\":\"https:\/\/cafedelespace.com\/index.php\/2026\/01\/21\/carnaval-de-flayat-21-fevrier\/#primaryimage\"},\"image\":{\"@id\":\"https:\/\/cafedelespace.com\/index.php\/2026\/01\/21\/carnaval-de-flayat-21-fevrier\/#primaryimage\"},\"thumbnailUrl\":\"https:\/\/cafedelespace.com\/wp-content\/uploads\/2026\/01\/carnaval-report1.png\",\"datePublished\":\"2026-01-21T15:51:21+00:00\",\"dateModified\":\"2026-02-18T13:07:35+00:00\",\"breadcrumb\":{\"@id\":\"https:\/\/cafedelespace.com\/index.php\/2026\/01\/21\/carnaval-de-flayat-21-fevrier\/#breadcrumb\"},\"inLanguage\":\"fr-FR\",\"potentialAction\":[{\"@type\":\"ReadAction\",\"target\":[\"https:\/\/cafedelespace.com\/index.php\/2026\/01\/21\/carnaval-de-flayat-21-fevrier\/\"]}]},{\"@type\":\"ImageObject\",\"inLanguage\":\"fr-FR\",\"@id\":\"https:\/\/cafedelespace.com\/index.php\/2026\/01\/21\/carnaval-de-flayat-21-fevrier\/#primaryimage\",\"url\":\"https:\/\/cafedelespace.com\/wp-content\/uploads\/2026\/01\/carnaval-report1.png\",\"contentUrl\":\"https:\/\/cafedelespace.com\/wp-content\/uploads\/2026\/01\/carnaval-report1.png\",\"width\":1414,\"height\":2000},{\"@type\":\"BreadcrumbList\",\"@id\":\"https:\/\/cafedelespace.com\/index.php\/2026\/01\/21\/carnaval-de-flayat-21-fevrier\/#breadcrumb\",\"itemListElement\":[{\"@type\":\"ListItem\",\"position\":1,\"name\":\"Accueil\",\"item\":\"https:\/\/cafedelespace.com\/\"},{\"@type\":\"ListItem\",\"position\":2,\"name\":\"Carnaval de Flayat &#8211; 7 mars\"}]},{\"@type\":\"WebSite\",\"@id\":\"https:\/\/cafedelespace.com\/#website\",\"url\":\"https:\/\/cafedelespace.com\/\",\"name\":\"Le Caf\u00e9 de l Espace - Espace Associatif Alain Fauriaux\",\"description\":\"Espace Associatif Alain Fauriaux\",\"publisher\":{\"@id\":\"https:\/\/cafedelespace.com\/#organization\"},\"potentialAction\":[{\"@type\":\"SearchAction\",\"target\":{\"@type\":\"EntryPoint\",\"urlTemplate\":\"https:\/\/cafedelespace.com\/?s={search_term_string}\"},\"query-input\":{\"@type\":\"PropertyValueSpecification\",\"valueRequired\":true,\"valueName\":\"search_term_string\"}}],\"inLanguage\":\"fr-FR\"},{\"@type\":\"Organization\",\"@id\":\"https:\/\/cafedelespace.com\/#organization\",\"name\":\"Caf\u00e9 de l'Espace\",\"url\":\"https:\/\/cafedelespace.com\/\",\"logo\":{\"@type\":\"ImageObject\",\"inLanguage\":\"fr-FR\",\"@id\":\"https:\/\/cafedelespace.com\/#\/schema\/logo\/image\/\",\"url\":\"https:\/\/cafedelespace.com\/wp-content\/uploads\/2020\/04\/logo-peinture.png\",\"contentUrl\":\"https:\/\/cafedelespace.com\/wp-content\/uploads\/2020\/04\/logo-peinture.png\",\"width\":500,\"height\":500,\"caption\":\"Caf\u00e9 de l'Espace\"},\"image\":{\"@id\":\"https:\/\/cafedelespace.com\/#\/schema\/logo\/image\/\"},\"sameAs\":[\"https:\/\/www.facebook.com\/Cafe.de.lEspace\/\"]},{\"@type\":\"Person\",\"@id\":\"https:\/\/cafedelespace.com\/#\/schema\/person\/f9fc8028d82260f4b8da6d717881ed0c\",\"name\":\"animation\",\"image\":{\"@type\":\"ImageObject\",\"inLanguage\":\"fr-FR\",\"@id\":\"https:\/\/secure.gravatar.com\/avatar\/58751f777ed4b9efaea83cfa49d063a6860235226a02165cc8c73a7675e9eea2?s=96&d=mm&r=g\",\"url\":\"https:\/\/secure.gravatar.com\/avatar\/58751f777ed4b9efaea83cfa49d063a6860235226a02165cc8c73a7675e9eea2?s=96&d=mm&r=g\",\"contentUrl\":\"https:\/\/secure.gravatar.com\/avatar\/58751f777ed4b9efaea83cfa49d063a6860235226a02165cc8c73a7675e9eea2?s=96&d=mm&r=g\",\"caption\":\"animation\"}}]}<\/script>\n<!-- \/ Yoast SEO plugin. -->","yoast_head_json":{"title":"Carnaval de Flayat - 7 mars &#8212; Le Caf\u00e9 de l&#039;Espace","robots":{"index":"index","follow":"follow","max-snippet":"max-snippet:-1","max-image-preview":"max-image-preview:large","max-video-preview":"max-video-preview:-1"},"canonical":"https:\/\/cafedelespace.com\/index.php\/2026\/01\/21\/carnaval-de-flayat-21-fevrier\/","og_locale":"fr_FR","og_type":"article","og_title":"Carnaval de Flayat - 7 mars &#8212; Le Caf\u00e9 de l&#039;Espace","og_description":"Les associations de Flayat ont le plaisir de vous inviter \u00e0 participer au Carnaval des Associations de Flayat, qui aura lieu le samedi 7 mars \u00e0 partir de 15h !!! Th\u00e8me 2026 : Contes et l\u00e9gendes Au programme de cet apr\u00e8s-midi convivial et haut en couleur: un d\u00e9fil\u00e9 costum\u00e9 \u00e0 travers le village, l\u2019accompagnement musical &hellip;","og_url":"https:\/\/cafedelespace.com\/index.php\/2026\/01\/21\/carnaval-de-flayat-21-fevrier\/","og_site_name":"Le Caf\u00e9 de l&#039;Espace","article_publisher":"https:\/\/www.facebook.com\/Cafe.de.lEspace\/","article_published_time":"2026-01-21T15:51:21+00:00","article_modified_time":"2026-02-18T13:07:35+00:00","og_image":[{"width":724,"height":1024,"url":"https:\/\/cafedelespace.com\/wp-content\/uploads\/2026\/01\/carnaval-report1-724x1024.png","type":"image\/png"}],"author":"animation","twitter_card":"summary_large_image","twitter_misc":{"\u00c9crit par":"animation","Dur\u00e9e de lecture estim\u00e9e":"1 minute"},"schema":{"@context":"https:\/\/schema.org","@graph":[{"@type":"Article","@id":"https:\/\/cafedelespace.com\/index.php\/2026\/01\/21\/carnaval-de-flayat-21-fevrier\/#article","isPartOf":{"@id":"https:\/\/cafedelespace.com\/index.php\/2026\/01\/21\/carnaval-de-flayat-21-fevrier\/"},"author":{"name":"animation","@id":"https:\/\/cafedelespace.com\/#\/schema\/person\/f9fc8028d82260f4b8da6d717881ed0c"},"headline":"Carnaval de Flayat &#8211; 7 mars","datePublished":"2026-01-21T15:51:21+00:00","dateModified":"2026-02-18T13:07:35+00:00","mainEntityOfPage":{"@id":"https:\/\/cafedelespace.com\/index.php\/2026\/01\/21\/carnaval-de-flayat-21-fevrier\/"},"wordCount":121,"publisher":{"@id":"https:\/\/cafedelespace.com\/#organization"},"image":{"@id":"https:\/\/cafedelespace.com\/index.php\/2026\/01\/21\/carnaval-de-flayat-21-fevrier\/#primaryimage"},"thumbnailUrl":"https:\/\/cafedelespace.com\/wp-content\/uploads\/2026\/01\/carnaval-report1.png","articleSection":["Animation"],"inLanguage":"fr-FR"},{"@type":"WebPage","@id":"https:\/\/cafedelespace.com\/index.php\/2026\/01\/21\/carnaval-de-flayat-21-fevrier\/","url":"https:\/\/cafedelespace.com\/index.php\/2026\/01\/21\/carnaval-de-flayat-21-fevrier\/","name":"Carnaval de Flayat - 7 mars &#8212; Le Caf\u00e9 de l&#039;Espace","isPartOf":{"@id":"https:\/\/cafedelespace.com\/#website"},"primaryImageOfPage":{"@id":"https:\/\/cafedelespace.com\/index.php\/2026\/01\/21\/carnaval-de-flayat-21-fevrier\/#primaryimage"},"image":{"@id":"https:\/\/cafedelespace.com\/index.php\/2026\/01\/21\/carnaval-de-flayat-21-fevrier\/#primaryimage"},"thumbnailUrl":"https:\/\/cafedelespace.com\/wp-content\/uploads\/2026\/01\/carnaval-report1.png","datePublished":"2026-01-21T15:51:21+00:00","dateModified":"2026-02-18T13:07:35+00:00","breadcrumb":{"@id":"https:\/\/cafedelespace.com\/index.php\/2026\/01\/21\/carnaval-de-flayat-21-fevrier\/#breadcrumb"},"inLanguage":"fr-FR","potentialAction":[{"@type":"ReadAction","target":["https:\/\/cafedelespace.com\/index.php\/2026\/01\/21\/carnaval-de-flayat-21-fevrier\/"]}]},{"@type":"ImageObject","inLanguage":"fr-FR","@id":"https:\/\/cafedelespace.com\/index.php\/2026\/01\/21\/carnaval-de-flayat-21-fevrier\/#primaryimage","url":"https:\/\/cafedelespace.com\/wp-content\/uploads\/2026\/01\/carnaval-report1.png","contentUrl":"https:\/\/cafedelespace.com\/wp-content\/uploads\/2026\/01\/carnaval-report1.png","width":1414,"height":2000},{"@type":"BreadcrumbList","@id":"https:\/\/cafedelespace.com\/index.php\/2026\/01\/21\/carnaval-de-flayat-21-fevrier\/#breadcrumb","itemListElement":[{"@type":"ListItem","position":1,"name":"Accueil","item":"https:\/\/cafedelespace.com\/"},{"@type":"ListItem","position":2,"name":"Carnaval de Flayat &#8211; 7 mars"}]},{"@type":"WebSite","@id":"https:\/\/cafedelespace.com\/#website","url":"https:\/\/cafedelespace.com\/","name":"Le Caf\u00e9 de l Espace - Espace Associatif Alain Fauriaux","description":"Espace Associatif Alain Fauriaux","publisher":{"@id":"https:\/\/cafedelespace.com\/#organization"},"potentialAction":[{"@type":"SearchAction","target":{"@type":"EntryPoint","urlTemplate":"https:\/\/cafedelespace.com\/?s={search_term_string}"},"query-input":{"@type":"PropertyValueSpecification","valueRequired":true,"valueName":"search_term_string"}}],"inLanguage":"fr-FR"},{"@type":"Organization","@id":"https:\/\/cafedelespace.com\/#organization","name":"Caf\u00e9 de l'Espace","url":"https:\/\/cafedelespace.com\/","logo":{"@type":"ImageObject","inLanguage":"fr-FR","@id":"https:\/\/cafedelespace.com\/#\/schema\/logo\/image\/","url":"https:\/\/cafedelespace.com\/wp-content\/uploads\/2020\/04\/logo-peinture.png","contentUrl":"https:\/\/cafedelespace.com\/wp-content\/uploads\/2020\/04\/logo-peinture.png","width":500,"height":500,"caption":"Caf\u00e9 de l'Espace"},"image":{"@id":"https:\/\/cafedelespace.com\/#\/schema\/logo\/image\/"},"sameAs":["https:\/\/www.facebook.com\/Cafe.de.lEspace\/"]},{"@type":"Person","@id":"https:\/\/cafedelespace.com\/#\/schema\/person\/f9fc8028d82260f4b8da6d717881ed0c","name":"animation","image":{"@type":"ImageObject","inLanguage":"fr-FR","@id":"https:\/\/secure.gravatar.com\/avatar\/58751f777ed4b9efaea83cfa49d063a6860235226a02165cc8c73a7675e9eea2?s=96&d=mm&r=g","url":"https:\/\/secure.gravatar.com\/avatar\/58751f777ed4b9efaea83cfa49d063a6860235226a02165cc8c73a7675e9eea2?s=96&d=mm&r=g","contentUrl":"https:\/\/secure.gravatar.com\/avatar\/58751f777ed4b9efaea83cfa49d063a6860235226a02165cc8c73a7675e9eea2?s=96&d=mm&r=g","caption":"animation"}}]}},"_links":{"self":[{"href":"https:\/\/cafedelespace.com\/index.php\/wp-json\/wp\/v2\/posts\/2383","targetHints":{"allow":["GET"]}}],"collection":[{"href":"https:\/\/cafedelespace.com\/index.php\/wp-json\/wp\/v2\/posts"}],"about":[{"href":"https:\/\/cafedelespace.com\/index.php\/wp-json\/wp\/v2\/types\/post"}],"author":[{"embeddable":true,"href":"https:\/\/cafedelespace.com\/index.php\/wp-json\/wp\/v2\/users\/3"}],"replies":[{"embeddable":true,"href":"https:\/\/cafedelespace.com\/index.php\/wp-json\/wp\/v2\/comments?post=2383"}],"version-history":[{"count":3,"href":"https:\/\/cafedelespace.com\/index.php\/wp-json\/wp\/v2\/posts\/2383\/revisions"}],"predecessor-version":[{"id":2394,"href":"https:\/\/cafedelespace.com\/index.php\/wp-json\/wp\/v2\/posts\/2383\/revisions\/2394"}],"wp:featuredmedia":[{"embeddable":true,"href":"https:\/\/cafedelespace.com\/index.php\/wp-json\/wp\/v2\/media\/2390"}],"wp:attachment":[{"href":"https:\/\/cafedelespace.com\/index.php\/wp-json\/wp\/v2\/media?parent=2383"}],"wp:term":[{"taxonomy":"category","embeddable":true,"href":"https:\/\/cafedelespace.com\/index.php\/wp-json\/wp\/v2\/categories?post=2383"},{"taxonomy":"post_tag","embeddable":true,"href":"https:\/\/cafedelespace.com\/index.php\/wp-json\/wp\/v2\/tags?post=2383"}],"curies":[{"name":"wp","href":"https:\/\/api.w.org\/{rel}","templated":true}]}}