{"id":2373,"date":"2026-01-13T15:46:29","date_gmt":"2026-01-13T14:46:29","guid":{"rendered":"https:\/\/cafedelespace.com\/?p=2373"},"modified":"2026-01-29T16:56:21","modified_gmt":"2026-01-29T15:56:21","slug":"fete-de-la-soupe-7-fevrier","status":"publish","type":"post","link":"https:\/\/cafedelespace.com\/index.php\/2026\/01\/13\/fete-de-la-soupe-7-fevrier\/","title":{"rendered":"F\u00eate de la soupe &#8211; 7 f\u00e9vrier"},"content":{"rendered":"\n<p>Tu aimes la soupe et tu aimes faire la f\u00eate ? Cette soir\u00e9e est pour toi !<\/p>\n\n\n\n<p><img decoding=\"async\" height=\"16\" width=\"16\" alt=\"\ud83d\ude80\" src=\"https:\/\/static.xx.fbcdn.net\/images\/emoji.php\/v9\/tc6\/1\/16\/1f680.png\">A l&rsquo;Espace, on n&rsquo;est pas des l\u00e9gumes okayyyyyy <img decoding=\"async\" height=\"16\" width=\"16\" alt=\"\ud83d\ude02\" src=\"https:\/\/static.xx.fbcdn.net\/images\/emoji.php\/v9\/td0\/1\/16\/1f602.png\"><img decoding=\"async\" height=\"16\" width=\"16\" alt=\"\ud83e\udd18\" src=\"https:\/\/static.xx.fbcdn.net\/images\/emoji.php\/v9\/t38\/1\/16\/1f918.png\"><\/p>\n\n\n\n<p>Dl&rsquo;a soupe dans ta bolinette mais pas dans l&rsquo;oreillette !!! Viens faire la f\u00eate avec BETABLOCK et SUPERGAGETTE !! Se sera super chouette <img loading=\"lazy\" decoding=\"async\" height=\"16\" width=\"16\" alt=\"\ud83e\udd29\" src=\"https:\/\/static.xx.fbcdn.net\/images\/emoji.php\/v9\/t58\/1\/16\/1f929.png\"><\/p>\n\n\n\n<p>La F\u00eate de la Soupe au caf\u00e9 c&rsquo;est ! Un concours de soupes avec des supers lots de l&rsquo;Espace \u00e0 gagner ! Mais surtout et AVANT TOUT !! Du bon son dans tes oreilles pour une vraie soir\u00e9e DANCEFLOOR comme on les aime !!<\/p>\n\n\n\n<p>Va d\u00e9goter la recette de soupe de chez mamie, inscris-toi pour le concours au 05 55 67 51 38 et viens danseeeeeeeerrrrrrr <img loading=\"lazy\" decoding=\"async\" height=\"16\" width=\"16\" alt=\"\ud83e\udd73\" src=\"https:\/\/static.xx.fbcdn.net\/images\/emoji.php\/v9\/t6d\/1\/16\/1f973.png\"><img loading=\"lazy\" decoding=\"async\" height=\"16\" width=\"16\" alt=\"\ud83e\udd29\" src=\"https:\/\/static.xx.fbcdn.net\/images\/emoji.php\/v9\/t58\/1\/16\/1f929.png\"><\/p>\n\n\n\n<p>SAMEDI 7 F\u00c9VRIER &#8211; 19h &#8211; Prix Libre<\/p>\n\n\n\n<p>CONCERTS \/ CONCOURS DE SOUPES \/ CADEAUX<\/p>\n\n\n\n<p>Une vieille recette de ta grand-m\u00e8re ou une pure invention ? Concocte ta meilleure soupe et viens affronter de redoutables adversaires lors du concours de soupe de l\u2019Espace et gagner la louche d\u2019or ! Et on a d\u00e9got\u00e9 des pro de la recette pour poursuivre la soir\u00e9e !<\/p>\n\n\n\n<p><strong>Super Cagette,<\/strong> c&rsquo;est un solo festif ax\u00e9 autour de la clarinette et des musiques \u00e9lectroniques port\u00e9 par les compositions originales du musicien Ma\u00ebl Gourmelon. Mixant m\u00e9lodies planantes et rythmes saccad\u00e9s, Super Cagette propose une performance unique, une invitation \u00e0 la danse et au l\u00e2cher prise pour profiter le temps du show de la transe et de la f\u00eate!<\/p>\n\n\n\n<p><strong>Betablock <\/strong>est de retour avec un nouvel EP ! Honn\u00eatement il est pas terrible, mais il leur manquait des heures pour renouveler leur statut intermittent&#8230; et du coup TADAM, ils ont \u00e9crit des nouveaux morceaux pas hyper inspir\u00e9s sur des prods pourries pondues en un week-end (c&rsquo;est quand m\u00eame pratique les IA ! ).<\/p>\n\n\n\n<p>d\u00e9but des soupes \u00e0 19h, d\u00e9but des concerts \u00e0 20h30, prix libre et conscient<\/p>\n","protected":false},"excerpt":{"rendered":"<p>Tu aimes la soupe et tu aimes faire la f\u00eate ? Cette soir\u00e9e est pour toi ! A l&rsquo;Espace, on n&rsquo;est pas des l\u00e9gumes okayyyyyy Dl&rsquo;a soupe dans ta bolinette mais pas dans l&rsquo;oreillette !!! Viens faire la f\u00eate avec BETABLOCK et SUPERGAGETTE !! Se sera super chouette La F\u00eate de la Soupe au caf\u00e9 &hellip; <\/p>\n","protected":false},"author":3,"featured_media":2374,"comment_status":"closed","ping_status":"closed","sticky":false,"template":"","format":"standard","meta":{"footnotes":""},"categories":[3],"tags":[],"class_list":["post-2373","post","type-post","status-publish","format-standard","has-post-thumbnail","hentry","category-concert","latest_post"],"yoast_head":"<!-- This site is optimized with the Yoast SEO plugin v27.2 - https:\/\/yoast.com\/product\/yoast-seo-wordpress\/ -->\n<title>F\u00eate de la soupe - 7 f\u00e9vrier &#8212; Le Caf\u00e9 de l&#039;Espace<\/title>\n<meta name=\"robots\" content=\"index, follow, max-snippet:-1, max-image-preview:large, max-video-preview:-1\" \/>\n<link rel=\"canonical\" href=\"https:\/\/cafedelespace.com\/index.php\/2026\/01\/13\/fete-de-la-soupe-7-fevrier\/\" \/>\n<meta property=\"og:locale\" content=\"fr_FR\" \/>\n<meta property=\"og:type\" content=\"article\" \/>\n<meta property=\"og:title\" content=\"F\u00eate de la soupe - 7 f\u00e9vrier &#8212; Le Caf\u00e9 de l&#039;Espace\" \/>\n<meta property=\"og:description\" content=\"Tu aimes la soupe et tu aimes faire la f\u00eate ? Cette soir\u00e9e est pour toi ! A l&rsquo;Espace, on n&rsquo;est pas des l\u00e9gumes okayyyyyy Dl&rsquo;a soupe dans ta bolinette mais pas dans l&rsquo;oreillette !!! Viens faire la f\u00eate avec BETABLOCK et SUPERGAGETTE !! Se sera super chouette La F\u00eate de la Soupe au caf\u00e9 &hellip;\" \/>\n<meta property=\"og:url\" content=\"https:\/\/cafedelespace.com\/index.php\/2026\/01\/13\/fete-de-la-soupe-7-fevrier\/\" \/>\n<meta property=\"og:site_name\" content=\"Le Caf\u00e9 de l&#039;Espace\" \/>\n<meta property=\"article:publisher\" content=\"https:\/\/www.facebook.com\/Cafe.de.lEspace\/\" \/>\n<meta property=\"article:published_time\" content=\"2026-01-13T14:46:29+00:00\" \/>\n<meta property=\"article:modified_time\" content=\"2026-01-29T15:56:21+00:00\" \/>\n<meta property=\"og:image\" content=\"https:\/\/cafedelespace.com\/wp-content\/uploads\/2026\/01\/disco-soupe3-724x1024.png\" \/>\n\t<meta property=\"og:image:width\" content=\"724\" \/>\n\t<meta property=\"og:image:height\" content=\"1024\" \/>\n\t<meta property=\"og:image:type\" content=\"image\/png\" \/>\n<meta name=\"author\" content=\"animation\" \/>\n<meta name=\"twitter:card\" content=\"summary_large_image\" \/>\n<meta name=\"twitter:label1\" content=\"\u00c9crit par\" \/>\n\t<meta name=\"twitter:data1\" content=\"animation\" \/>\n\t<meta name=\"twitter:label2\" content=\"Dur\u00e9e de lecture estim\u00e9e\" \/>\n\t<meta name=\"twitter:data2\" content=\"2 minutes\" \/>\n<script type=\"application\/ld+json\" class=\"yoast-schema-graph\">{\"@context\":\"https:\/\/schema.org\",\"@graph\":[{\"@type\":\"Article\",\"@id\":\"https:\/\/cafedelespace.com\/index.php\/2026\/01\/13\/fete-de-la-soupe-7-fevrier\/#article\",\"isPartOf\":{\"@id\":\"https:\/\/cafedelespace.com\/index.php\/2026\/01\/13\/fete-de-la-soupe-7-fevrier\/\"},\"author\":{\"name\":\"animation\",\"@id\":\"https:\/\/cafedelespace.com\/#\/schema\/person\/f9fc8028d82260f4b8da6d717881ed0c\"},\"headline\":\"F\u00eate de la soupe &#8211; 7 f\u00e9vrier\",\"datePublished\":\"2026-01-13T14:46:29+00:00\",\"dateModified\":\"2026-01-29T15:56:21+00:00\",\"mainEntityOfPage\":{\"@id\":\"https:\/\/cafedelespace.com\/index.php\/2026\/01\/13\/fete-de-la-soupe-7-fevrier\/\"},\"wordCount\":308,\"publisher\":{\"@id\":\"https:\/\/cafedelespace.com\/#organization\"},\"image\":{\"@id\":\"https:\/\/cafedelespace.com\/index.php\/2026\/01\/13\/fete-de-la-soupe-7-fevrier\/#primaryimage\"},\"thumbnailUrl\":\"https:\/\/cafedelespace.com\/wp-content\/uploads\/2026\/01\/disco-soupe3.png\",\"articleSection\":[\"Concert\"],\"inLanguage\":\"fr-FR\"},{\"@type\":\"WebPage\",\"@id\":\"https:\/\/cafedelespace.com\/index.php\/2026\/01\/13\/fete-de-la-soupe-7-fevrier\/\",\"url\":\"https:\/\/cafedelespace.com\/index.php\/2026\/01\/13\/fete-de-la-soupe-7-fevrier\/\",\"name\":\"F\u00eate de la soupe - 7 f\u00e9vrier &#8212; Le Caf\u00e9 de l&#039;Espace\",\"isPartOf\":{\"@id\":\"https:\/\/cafedelespace.com\/#website\"},\"primaryImageOfPage\":{\"@id\":\"https:\/\/cafedelespace.com\/index.php\/2026\/01\/13\/fete-de-la-soupe-7-fevrier\/#primaryimage\"},\"image\":{\"@id\":\"https:\/\/cafedelespace.com\/index.php\/2026\/01\/13\/fete-de-la-soupe-7-fevrier\/#primaryimage\"},\"thumbnailUrl\":\"https:\/\/cafedelespace.com\/wp-content\/uploads\/2026\/01\/disco-soupe3.png\",\"datePublished\":\"2026-01-13T14:46:29+00:00\",\"dateModified\":\"2026-01-29T15:56:21+00:00\",\"breadcrumb\":{\"@id\":\"https:\/\/cafedelespace.com\/index.php\/2026\/01\/13\/fete-de-la-soupe-7-fevrier\/#breadcrumb\"},\"inLanguage\":\"fr-FR\",\"potentialAction\":[{\"@type\":\"ReadAction\",\"target\":[\"https:\/\/cafedelespace.com\/index.php\/2026\/01\/13\/fete-de-la-soupe-7-fevrier\/\"]}]},{\"@type\":\"ImageObject\",\"inLanguage\":\"fr-FR\",\"@id\":\"https:\/\/cafedelespace.com\/index.php\/2026\/01\/13\/fete-de-la-soupe-7-fevrier\/#primaryimage\",\"url\":\"https:\/\/cafedelespace.com\/wp-content\/uploads\/2026\/01\/disco-soupe3.png\",\"contentUrl\":\"https:\/\/cafedelespace.com\/wp-content\/uploads\/2026\/01\/disco-soupe3.png\",\"width\":1587,\"height\":2245},{\"@type\":\"BreadcrumbList\",\"@id\":\"https:\/\/cafedelespace.com\/index.php\/2026\/01\/13\/fete-de-la-soupe-7-fevrier\/#breadcrumb\",\"itemListElement\":[{\"@type\":\"ListItem\",\"position\":1,\"name\":\"Accueil\",\"item\":\"https:\/\/cafedelespace.com\/\"},{\"@type\":\"ListItem\",\"position\":2,\"name\":\"F\u00eate de la soupe &#8211; 7 f\u00e9vrier\"}]},{\"@type\":\"WebSite\",\"@id\":\"https:\/\/cafedelespace.com\/#website\",\"url\":\"https:\/\/cafedelespace.com\/\",\"name\":\"Le Caf\u00e9 de l Espace - Espace Associatif Alain Fauriaux\",\"description\":\"Espace Associatif Alain Fauriaux\",\"publisher\":{\"@id\":\"https:\/\/cafedelespace.com\/#organization\"},\"potentialAction\":[{\"@type\":\"SearchAction\",\"target\":{\"@type\":\"EntryPoint\",\"urlTemplate\":\"https:\/\/cafedelespace.com\/?s={search_term_string}\"},\"query-input\":{\"@type\":\"PropertyValueSpecification\",\"valueRequired\":true,\"valueName\":\"search_term_string\"}}],\"inLanguage\":\"fr-FR\"},{\"@type\":\"Organization\",\"@id\":\"https:\/\/cafedelespace.com\/#organization\",\"name\":\"Caf\u00e9 de l'Espace\",\"url\":\"https:\/\/cafedelespace.com\/\",\"logo\":{\"@type\":\"ImageObject\",\"inLanguage\":\"fr-FR\",\"@id\":\"https:\/\/cafedelespace.com\/#\/schema\/logo\/image\/\",\"url\":\"https:\/\/cafedelespace.com\/wp-content\/uploads\/2020\/04\/logo-peinture.png\",\"contentUrl\":\"https:\/\/cafedelespace.com\/wp-content\/uploads\/2020\/04\/logo-peinture.png\",\"width\":500,\"height\":500,\"caption\":\"Caf\u00e9 de l'Espace\"},\"image\":{\"@id\":\"https:\/\/cafedelespace.com\/#\/schema\/logo\/image\/\"},\"sameAs\":[\"https:\/\/www.facebook.com\/Cafe.de.lEspace\/\"]},{\"@type\":\"Person\",\"@id\":\"https:\/\/cafedelespace.com\/#\/schema\/person\/f9fc8028d82260f4b8da6d717881ed0c\",\"name\":\"animation\",\"image\":{\"@type\":\"ImageObject\",\"inLanguage\":\"fr-FR\",\"@id\":\"https:\/\/secure.gravatar.com\/avatar\/58751f777ed4b9efaea83cfa49d063a6860235226a02165cc8c73a7675e9eea2?s=96&d=mm&r=g\",\"url\":\"https:\/\/secure.gravatar.com\/avatar\/58751f777ed4b9efaea83cfa49d063a6860235226a02165cc8c73a7675e9eea2?s=96&d=mm&r=g\",\"contentUrl\":\"https:\/\/secure.gravatar.com\/avatar\/58751f777ed4b9efaea83cfa49d063a6860235226a02165cc8c73a7675e9eea2?s=96&d=mm&r=g\",\"caption\":\"animation\"}}]}<\/script>\n<!-- \/ Yoast SEO plugin. -->","yoast_head_json":{"title":"F\u00eate de la soupe - 7 f\u00e9vrier &#8212; Le Caf\u00e9 de l&#039;Espace","robots":{"index":"index","follow":"follow","max-snippet":"max-snippet:-1","max-image-preview":"max-image-preview:large","max-video-preview":"max-video-preview:-1"},"canonical":"https:\/\/cafedelespace.com\/index.php\/2026\/01\/13\/fete-de-la-soupe-7-fevrier\/","og_locale":"fr_FR","og_type":"article","og_title":"F\u00eate de la soupe - 7 f\u00e9vrier &#8212; Le Caf\u00e9 de l&#039;Espace","og_description":"Tu aimes la soupe et tu aimes faire la f\u00eate ? Cette soir\u00e9e est pour toi ! A l&rsquo;Espace, on n&rsquo;est pas des l\u00e9gumes okayyyyyy Dl&rsquo;a soupe dans ta bolinette mais pas dans l&rsquo;oreillette !!! Viens faire la f\u00eate avec BETABLOCK et SUPERGAGETTE !! Se sera super chouette La F\u00eate de la Soupe au caf\u00e9 &hellip;","og_url":"https:\/\/cafedelespace.com\/index.php\/2026\/01\/13\/fete-de-la-soupe-7-fevrier\/","og_site_name":"Le Caf\u00e9 de l&#039;Espace","article_publisher":"https:\/\/www.facebook.com\/Cafe.de.lEspace\/","article_published_time":"2026-01-13T14:46:29+00:00","article_modified_time":"2026-01-29T15:56:21+00:00","og_image":[{"width":724,"height":1024,"url":"https:\/\/cafedelespace.com\/wp-content\/uploads\/2026\/01\/disco-soupe3-724x1024.png","type":"image\/png"}],"author":"animation","twitter_card":"summary_large_image","twitter_misc":{"\u00c9crit par":"animation","Dur\u00e9e de lecture estim\u00e9e":"2 minutes"},"schema":{"@context":"https:\/\/schema.org","@graph":[{"@type":"Article","@id":"https:\/\/cafedelespace.com\/index.php\/2026\/01\/13\/fete-de-la-soupe-7-fevrier\/#article","isPartOf":{"@id":"https:\/\/cafedelespace.com\/index.php\/2026\/01\/13\/fete-de-la-soupe-7-fevrier\/"},"author":{"name":"animation","@id":"https:\/\/cafedelespace.com\/#\/schema\/person\/f9fc8028d82260f4b8da6d717881ed0c"},"headline":"F\u00eate de la soupe &#8211; 7 f\u00e9vrier","datePublished":"2026-01-13T14:46:29+00:00","dateModified":"2026-01-29T15:56:21+00:00","mainEntityOfPage":{"@id":"https:\/\/cafedelespace.com\/index.php\/2026\/01\/13\/fete-de-la-soupe-7-fevrier\/"},"wordCount":308,"publisher":{"@id":"https:\/\/cafedelespace.com\/#organization"},"image":{"@id":"https:\/\/cafedelespace.com\/index.php\/2026\/01\/13\/fete-de-la-soupe-7-fevrier\/#primaryimage"},"thumbnailUrl":"https:\/\/cafedelespace.com\/wp-content\/uploads\/2026\/01\/disco-soupe3.png","articleSection":["Concert"],"inLanguage":"fr-FR"},{"@type":"WebPage","@id":"https:\/\/cafedelespace.com\/index.php\/2026\/01\/13\/fete-de-la-soupe-7-fevrier\/","url":"https:\/\/cafedelespace.com\/index.php\/2026\/01\/13\/fete-de-la-soupe-7-fevrier\/","name":"F\u00eate de la soupe - 7 f\u00e9vrier &#8212; Le Caf\u00e9 de l&#039;Espace","isPartOf":{"@id":"https:\/\/cafedelespace.com\/#website"},"primaryImageOfPage":{"@id":"https:\/\/cafedelespace.com\/index.php\/2026\/01\/13\/fete-de-la-soupe-7-fevrier\/#primaryimage"},"image":{"@id":"https:\/\/cafedelespace.com\/index.php\/2026\/01\/13\/fete-de-la-soupe-7-fevrier\/#primaryimage"},"thumbnailUrl":"https:\/\/cafedelespace.com\/wp-content\/uploads\/2026\/01\/disco-soupe3.png","datePublished":"2026-01-13T14:46:29+00:00","dateModified":"2026-01-29T15:56:21+00:00","breadcrumb":{"@id":"https:\/\/cafedelespace.com\/index.php\/2026\/01\/13\/fete-de-la-soupe-7-fevrier\/#breadcrumb"},"inLanguage":"fr-FR","potentialAction":[{"@type":"ReadAction","target":["https:\/\/cafedelespace.com\/index.php\/2026\/01\/13\/fete-de-la-soupe-7-fevrier\/"]}]},{"@type":"ImageObject","inLanguage":"fr-FR","@id":"https:\/\/cafedelespace.com\/index.php\/2026\/01\/13\/fete-de-la-soupe-7-fevrier\/#primaryimage","url":"https:\/\/cafedelespace.com\/wp-content\/uploads\/2026\/01\/disco-soupe3.png","contentUrl":"https:\/\/cafedelespace.com\/wp-content\/uploads\/2026\/01\/disco-soupe3.png","width":1587,"height":2245},{"@type":"BreadcrumbList","@id":"https:\/\/cafedelespace.com\/index.php\/2026\/01\/13\/fete-de-la-soupe-7-fevrier\/#breadcrumb","itemListElement":[{"@type":"ListItem","position":1,"name":"Accueil","item":"https:\/\/cafedelespace.com\/"},{"@type":"ListItem","position":2,"name":"F\u00eate de la soupe &#8211; 7 f\u00e9vrier"}]},{"@type":"WebSite","@id":"https:\/\/cafedelespace.com\/#website","url":"https:\/\/cafedelespace.com\/","name":"Le Caf\u00e9 de l Espace - Espace Associatif Alain Fauriaux","description":"Espace Associatif Alain Fauriaux","publisher":{"@id":"https:\/\/cafedelespace.com\/#organization"},"potentialAction":[{"@type":"SearchAction","target":{"@type":"EntryPoint","urlTemplate":"https:\/\/cafedelespace.com\/?s={search_term_string}"},"query-input":{"@type":"PropertyValueSpecification","valueRequired":true,"valueName":"search_term_string"}}],"inLanguage":"fr-FR"},{"@type":"Organization","@id":"https:\/\/cafedelespace.com\/#organization","name":"Caf\u00e9 de l'Espace","url":"https:\/\/cafedelespace.com\/","logo":{"@type":"ImageObject","inLanguage":"fr-FR","@id":"https:\/\/cafedelespace.com\/#\/schema\/logo\/image\/","url":"https:\/\/cafedelespace.com\/wp-content\/uploads\/2020\/04\/logo-peinture.png","contentUrl":"https:\/\/cafedelespace.com\/wp-content\/uploads\/2020\/04\/logo-peinture.png","width":500,"height":500,"caption":"Caf\u00e9 de l'Espace"},"image":{"@id":"https:\/\/cafedelespace.com\/#\/schema\/logo\/image\/"},"sameAs":["https:\/\/www.facebook.com\/Cafe.de.lEspace\/"]},{"@type":"Person","@id":"https:\/\/cafedelespace.com\/#\/schema\/person\/f9fc8028d82260f4b8da6d717881ed0c","name":"animation","image":{"@type":"ImageObject","inLanguage":"fr-FR","@id":"https:\/\/secure.gravatar.com\/avatar\/58751f777ed4b9efaea83cfa49d063a6860235226a02165cc8c73a7675e9eea2?s=96&d=mm&r=g","url":"https:\/\/secure.gravatar.com\/avatar\/58751f777ed4b9efaea83cfa49d063a6860235226a02165cc8c73a7675e9eea2?s=96&d=mm&r=g","contentUrl":"https:\/\/secure.gravatar.com\/avatar\/58751f777ed4b9efaea83cfa49d063a6860235226a02165cc8c73a7675e9eea2?s=96&d=mm&r=g","caption":"animation"}}]}},"_links":{"self":[{"href":"https:\/\/cafedelespace.com\/index.php\/wp-json\/wp\/v2\/posts\/2373","targetHints":{"allow":["GET"]}}],"collection":[{"href":"https:\/\/cafedelespace.com\/index.php\/wp-json\/wp\/v2\/posts"}],"about":[{"href":"https:\/\/cafedelespace.com\/index.php\/wp-json\/wp\/v2\/types\/post"}],"author":[{"embeddable":true,"href":"https:\/\/cafedelespace.com\/index.php\/wp-json\/wp\/v2\/users\/3"}],"replies":[{"embeddable":true,"href":"https:\/\/cafedelespace.com\/index.php\/wp-json\/wp\/v2\/comments?post=2373"}],"version-history":[{"count":2,"href":"https:\/\/cafedelespace.com\/index.php\/wp-json\/wp\/v2\/posts\/2373\/revisions"}],"predecessor-version":[{"id":2387,"href":"https:\/\/cafedelespace.com\/index.php\/wp-json\/wp\/v2\/posts\/2373\/revisions\/2387"}],"wp:featuredmedia":[{"embeddable":true,"href":"https:\/\/cafedelespace.com\/index.php\/wp-json\/wp\/v2\/media\/2374"}],"wp:attachment":[{"href":"https:\/\/cafedelespace.com\/index.php\/wp-json\/wp\/v2\/media?parent=2373"}],"wp:term":[{"taxonomy":"category","embeddable":true,"href":"https:\/\/cafedelespace.com\/index.php\/wp-json\/wp\/v2\/categories?post=2373"},{"taxonomy":"post_tag","embeddable":true,"href":"https:\/\/cafedelespace.com\/index.php\/wp-json\/wp\/v2\/tags?post=2373"}],"curies":[{"name":"wp","href":"https:\/\/api.w.org\/{rel}","templated":true}]}}