{"id":2086,"date":"2025-11-27T17:53:31","date_gmt":"2025-11-27T16:53:31","guid":{"rendered":"https:\/\/cafedelespace.com\/?p=2086"},"modified":"2025-11-27T17:53:32","modified_gmt":"2025-11-27T16:53:32","slug":"soiree-theatre-12-decembre","status":"publish","type":"post","link":"https:\/\/cafedelespace.com\/index.php\/2025\/11\/27\/soiree-theatre-12-decembre\/","title":{"rendered":"Soir\u00e9e Th\u00e9\u00e2tre &#8211; 12 d\u00e9cembre"},"content":{"rendered":"\n<p><span data-surface-wrapper=\"1\" data-surface=\"\/bizweb:content_calendar\" style=\"display: contents;\"><div dir=\"auto\" class=\"html-div xdj266r x14z9mp xat24cr x1lziwak xexx8yu xyri2b x18d9i69 x1c1uobl\"><div data-ad-rendering-role=\"story_message\" class=\"html-div xdj266r x14z9mp xat24cr x1lziwak xexx8yu xyri2b x18d9i69 x1c1uobl\"><div class=\"x1l90r2v x1iorvi4 x1g0dm76 xpdmqnj\" data-ad-comet-preview=\"message\" data-ad-preview=\"message\" id=\"_r_54_\"><div class=\"x78zum5 xdt5ytf xz62fqu x16ldp7u\"><div class=\"xu06os2 x1ok221b\"><span class=\"x193iq5w xeuugli x13faqbe x1vvkbs x1xmvt09 x1lliihq x1s928wv xhkezso x1gmr53x x1cpjm7i x1fgarty x1943h6x xudqn12 x3x7a5m x6prxxf xvq8zen xo1l8bm xzsf02u x1yc453h\" dir=\"auto\"><div class=\"html-div xdj266r x14z9mp xat24cr x1lziwak xexx8yu xyri2b x18d9i69 x1c1uobl\"><div class=\"xdj266r x14z9mp xat24cr x1lziwak x1vvkbs x126k92a\"><div dir=\"auto\" style=\"text-align: start;\">Vendredi 12 d\u00e9cembre \u00e0 20h30Soir\u00e9e th\u00e9\u00e2tre au Caf\u00e9 de l&rsquo;Espace <span class=\"html-span xexx8yu xyri2b x18d9i69 x1c1uobl x1hl2dhg x16tdsg8 x1vvkbs x3nfvp2 x1j61x8r x1fcty0u xdj266r xat24cr xm2jcoa x1mpyi22 xxymvpz xlup9mm x1kky2od\"><img decoding=\"async\" height=\"16\" width=\"16\" class=\"xz74otr x15mokao x1ga7v0g x16uus16 xbiv7yw\" src=\"https:\/\/static.xx.fbcdn.net\/images\/emoji.php\/v9\/tae\/1\/16\/1f3ad.png\" alt=\"\ud83c\udfad\"><\/span>Et <span class=\"html-span xdj266r x14z9mp xat24cr x1lziwak xexx8yu xyri2b x18d9i69 x1c1uobl x1hl2dhg x16tdsg8 x1vvkbs\"><a tabindex=\"-1\" class=\"html-a xdj266r x14z9mp xat24cr x1lziwak xexx8yu xyri2b x18d9i69 x1c1uobl x1hl2dhg x16tdsg8 x1vvkbs\"><\/a><\/span>si les terres agricoles devenaient infertiles ? Si l&rsquo;on transformait les th\u00e9\u00e2tres en r\u00e9serves ?Apr\u00e8s \u00a0\u00bb Amiti\u00e9 Marchande*\u00a0\u00bb,(pr\u00e9sent\u00e9 en juin dernier) l&rsquo;atelier th\u00e9\u00e2tre \u00ab\u00a0LES 3 COUPS DE L&rsquo;ESPACE\u00a0\u00bb vous convie \u00e0 nouveau \u00e0 un voyage dans un avenir aussi redoutable que dr\u00f4le avec \u00ab\u00a0Terre Morte* \u00ab\u00a0et \u00ab\u00a0Futur du Th\u00e9\u00e2tre* \u00ab\u00a0. (*) tir\u00e9es de \u00ab\u00a0Br\u00e8ves du Futur\u00a0\u00bb de Julien GUYOMARD.Prix libre et conscient, petite restauration sur place<\/div><\/div><\/div><\/span><\/div><\/div><\/div><\/div><\/div><\/span><\/p>\n","protected":false},"excerpt":{"rendered":"<p>Vendredi 12 d\u00e9cembre \u00e0 20h30Soir\u00e9e th\u00e9\u00e2tre au Caf\u00e9 de l&rsquo;Espace Et si les terres agricoles devenaient infertiles ? Si l&rsquo;on transformait les th\u00e9\u00e2tres en r\u00e9serves ?Apr\u00e8s \u00a0\u00bb Amiti\u00e9 Marchande*\u00a0\u00bb,(pr\u00e9sent\u00e9 en juin dernier) l&rsquo;atelier th\u00e9\u00e2tre \u00ab\u00a0LES 3 COUPS DE L&rsquo;ESPACE\u00a0\u00bb vous convie \u00e0 nouveau \u00e0 un voyage dans un avenir aussi redoutable que dr\u00f4le avec \u00ab\u00a0Terre &hellip; <\/p>\n","protected":false},"author":3,"featured_media":2087,"comment_status":"closed","ping_status":"closed","sticky":false,"template":"","format":"standard","meta":{"footnotes":""},"categories":[7],"tags":[],"class_list":["post-2086","post","type-post","status-publish","format-standard","has-post-thumbnail","hentry","category-animation","latest_post"],"yoast_head":"<!-- This site is optimized with the Yoast SEO plugin v27.2 - https:\/\/yoast.com\/product\/yoast-seo-wordpress\/ -->\n<title>Soir\u00e9e Th\u00e9\u00e2tre - 12 d\u00e9cembre &#8212; Le Caf\u00e9 de l&#039;Espace<\/title>\n<meta name=\"robots\" content=\"index, follow, max-snippet:-1, max-image-preview:large, max-video-preview:-1\" \/>\n<link rel=\"canonical\" href=\"https:\/\/cafedelespace.com\/index.php\/2025\/11\/27\/soiree-theatre-12-decembre\/\" \/>\n<meta property=\"og:locale\" content=\"fr_FR\" \/>\n<meta property=\"og:type\" content=\"article\" \/>\n<meta property=\"og:title\" content=\"Soir\u00e9e Th\u00e9\u00e2tre - 12 d\u00e9cembre &#8212; Le Caf\u00e9 de l&#039;Espace\" \/>\n<meta property=\"og:description\" content=\"Vendredi 12 d\u00e9cembre \u00e0 20h30Soir\u00e9e th\u00e9\u00e2tre au Caf\u00e9 de l&rsquo;Espace Et si les terres agricoles devenaient infertiles ? Si l&rsquo;on transformait les th\u00e9\u00e2tres en r\u00e9serves ?Apr\u00e8s \u00a0\u00bb Amiti\u00e9 Marchande*\u00a0\u00bb,(pr\u00e9sent\u00e9 en juin dernier) l&rsquo;atelier th\u00e9\u00e2tre \u00ab\u00a0LES 3 COUPS DE L&rsquo;ESPACE\u00a0\u00bb vous convie \u00e0 nouveau \u00e0 un voyage dans un avenir aussi redoutable que dr\u00f4le avec \u00ab\u00a0Terre &hellip;\" \/>\n<meta property=\"og:url\" content=\"https:\/\/cafedelespace.com\/index.php\/2025\/11\/27\/soiree-theatre-12-decembre\/\" \/>\n<meta property=\"og:site_name\" content=\"Le Caf\u00e9 de l&#039;Espace\" \/>\n<meta property=\"article:publisher\" content=\"https:\/\/www.facebook.com\/Cafe.de.lEspace\/\" \/>\n<meta property=\"article:published_time\" content=\"2025-11-27T16:53:31+00:00\" \/>\n<meta property=\"article:modified_time\" content=\"2025-11-27T16:53:32+00:00\" \/>\n<meta property=\"og:image\" content=\"https:\/\/cafedelespace.com\/wp-content\/uploads\/2025\/11\/spectacle-theatre-724x1024.png\" \/>\n\t<meta property=\"og:image:width\" content=\"724\" \/>\n\t<meta property=\"og:image:height\" content=\"1024\" \/>\n\t<meta property=\"og:image:type\" content=\"image\/png\" \/>\n<meta name=\"author\" content=\"animation\" \/>\n<meta name=\"twitter:card\" content=\"summary_large_image\" \/>\n<meta name=\"twitter:label1\" content=\"\u00c9crit par\" \/>\n\t<meta name=\"twitter:data1\" content=\"animation\" \/>\n<script type=\"application\/ld+json\" class=\"yoast-schema-graph\">{\"@context\":\"https:\/\/schema.org\",\"@graph\":[{\"@type\":\"Article\",\"@id\":\"https:\/\/cafedelespace.com\/index.php\/2025\/11\/27\/soiree-theatre-12-decembre\/#article\",\"isPartOf\":{\"@id\":\"https:\/\/cafedelespace.com\/index.php\/2025\/11\/27\/soiree-theatre-12-decembre\/\"},\"author\":{\"name\":\"animation\",\"@id\":\"https:\/\/cafedelespace.com\/#\/schema\/person\/f9fc8028d82260f4b8da6d717881ed0c\"},\"headline\":\"Soir\u00e9e Th\u00e9\u00e2tre &#8211; 12 d\u00e9cembre\",\"datePublished\":\"2025-11-27T16:53:31+00:00\",\"dateModified\":\"2025-11-27T16:53:32+00:00\",\"mainEntityOfPage\":{\"@id\":\"https:\/\/cafedelespace.com\/index.php\/2025\/11\/27\/soiree-theatre-12-decembre\/\"},\"wordCount\":90,\"publisher\":{\"@id\":\"https:\/\/cafedelespace.com\/#organization\"},\"image\":{\"@id\":\"https:\/\/cafedelespace.com\/index.php\/2025\/11\/27\/soiree-theatre-12-decembre\/#primaryimage\"},\"thumbnailUrl\":\"https:\/\/cafedelespace.com\/wp-content\/uploads\/2025\/11\/spectacle-theatre.png\",\"articleSection\":[\"Animation\"],\"inLanguage\":\"fr-FR\"},{\"@type\":\"WebPage\",\"@id\":\"https:\/\/cafedelespace.com\/index.php\/2025\/11\/27\/soiree-theatre-12-decembre\/\",\"url\":\"https:\/\/cafedelespace.com\/index.php\/2025\/11\/27\/soiree-theatre-12-decembre\/\",\"name\":\"Soir\u00e9e Th\u00e9\u00e2tre - 12 d\u00e9cembre &#8212; Le Caf\u00e9 de l&#039;Espace\",\"isPartOf\":{\"@id\":\"https:\/\/cafedelespace.com\/#website\"},\"primaryImageOfPage\":{\"@id\":\"https:\/\/cafedelespace.com\/index.php\/2025\/11\/27\/soiree-theatre-12-decembre\/#primaryimage\"},\"image\":{\"@id\":\"https:\/\/cafedelespace.com\/index.php\/2025\/11\/27\/soiree-theatre-12-decembre\/#primaryimage\"},\"thumbnailUrl\":\"https:\/\/cafedelespace.com\/wp-content\/uploads\/2025\/11\/spectacle-theatre.png\",\"datePublished\":\"2025-11-27T16:53:31+00:00\",\"dateModified\":\"2025-11-27T16:53:32+00:00\",\"breadcrumb\":{\"@id\":\"https:\/\/cafedelespace.com\/index.php\/2025\/11\/27\/soiree-theatre-12-decembre\/#breadcrumb\"},\"inLanguage\":\"fr-FR\",\"potentialAction\":[{\"@type\":\"ReadAction\",\"target\":[\"https:\/\/cafedelespace.com\/index.php\/2025\/11\/27\/soiree-theatre-12-decembre\/\"]}]},{\"@type\":\"ImageObject\",\"inLanguage\":\"fr-FR\",\"@id\":\"https:\/\/cafedelespace.com\/index.php\/2025\/11\/27\/soiree-theatre-12-decembre\/#primaryimage\",\"url\":\"https:\/\/cafedelespace.com\/wp-content\/uploads\/2025\/11\/spectacle-theatre.png\",\"contentUrl\":\"https:\/\/cafedelespace.com\/wp-content\/uploads\/2025\/11\/spectacle-theatre.png\",\"width\":1414,\"height\":2000},{\"@type\":\"BreadcrumbList\",\"@id\":\"https:\/\/cafedelespace.com\/index.php\/2025\/11\/27\/soiree-theatre-12-decembre\/#breadcrumb\",\"itemListElement\":[{\"@type\":\"ListItem\",\"position\":1,\"name\":\"Accueil\",\"item\":\"https:\/\/cafedelespace.com\/\"},{\"@type\":\"ListItem\",\"position\":2,\"name\":\"Soir\u00e9e Th\u00e9\u00e2tre &#8211; 12 d\u00e9cembre\"}]},{\"@type\":\"WebSite\",\"@id\":\"https:\/\/cafedelespace.com\/#website\",\"url\":\"https:\/\/cafedelespace.com\/\",\"name\":\"Le Caf\u00e9 de l Espace - Espace Associatif Alain Fauriaux\",\"description\":\"Espace Associatif Alain Fauriaux\",\"publisher\":{\"@id\":\"https:\/\/cafedelespace.com\/#organization\"},\"potentialAction\":[{\"@type\":\"SearchAction\",\"target\":{\"@type\":\"EntryPoint\",\"urlTemplate\":\"https:\/\/cafedelespace.com\/?s={search_term_string}\"},\"query-input\":{\"@type\":\"PropertyValueSpecification\",\"valueRequired\":true,\"valueName\":\"search_term_string\"}}],\"inLanguage\":\"fr-FR\"},{\"@type\":\"Organization\",\"@id\":\"https:\/\/cafedelespace.com\/#organization\",\"name\":\"Caf\u00e9 de l'Espace\",\"url\":\"https:\/\/cafedelespace.com\/\",\"logo\":{\"@type\":\"ImageObject\",\"inLanguage\":\"fr-FR\",\"@id\":\"https:\/\/cafedelespace.com\/#\/schema\/logo\/image\/\",\"url\":\"https:\/\/cafedelespace.com\/wp-content\/uploads\/2020\/04\/logo-peinture.png\",\"contentUrl\":\"https:\/\/cafedelespace.com\/wp-content\/uploads\/2020\/04\/logo-peinture.png\",\"width\":500,\"height\":500,\"caption\":\"Caf\u00e9 de l'Espace\"},\"image\":{\"@id\":\"https:\/\/cafedelespace.com\/#\/schema\/logo\/image\/\"},\"sameAs\":[\"https:\/\/www.facebook.com\/Cafe.de.lEspace\/\"]},{\"@type\":\"Person\",\"@id\":\"https:\/\/cafedelespace.com\/#\/schema\/person\/f9fc8028d82260f4b8da6d717881ed0c\",\"name\":\"animation\",\"image\":{\"@type\":\"ImageObject\",\"inLanguage\":\"fr-FR\",\"@id\":\"https:\/\/secure.gravatar.com\/avatar\/58751f777ed4b9efaea83cfa49d063a6860235226a02165cc8c73a7675e9eea2?s=96&d=mm&r=g\",\"url\":\"https:\/\/secure.gravatar.com\/avatar\/58751f777ed4b9efaea83cfa49d063a6860235226a02165cc8c73a7675e9eea2?s=96&d=mm&r=g\",\"contentUrl\":\"https:\/\/secure.gravatar.com\/avatar\/58751f777ed4b9efaea83cfa49d063a6860235226a02165cc8c73a7675e9eea2?s=96&d=mm&r=g\",\"caption\":\"animation\"}}]}<\/script>\n<!-- \/ Yoast SEO plugin. -->","yoast_head_json":{"title":"Soir\u00e9e Th\u00e9\u00e2tre - 12 d\u00e9cembre &#8212; Le Caf\u00e9 de l&#039;Espace","robots":{"index":"index","follow":"follow","max-snippet":"max-snippet:-1","max-image-preview":"max-image-preview:large","max-video-preview":"max-video-preview:-1"},"canonical":"https:\/\/cafedelespace.com\/index.php\/2025\/11\/27\/soiree-theatre-12-decembre\/","og_locale":"fr_FR","og_type":"article","og_title":"Soir\u00e9e Th\u00e9\u00e2tre - 12 d\u00e9cembre &#8212; Le Caf\u00e9 de l&#039;Espace","og_description":"Vendredi 12 d\u00e9cembre \u00e0 20h30Soir\u00e9e th\u00e9\u00e2tre au Caf\u00e9 de l&rsquo;Espace Et si les terres agricoles devenaient infertiles ? Si l&rsquo;on transformait les th\u00e9\u00e2tres en r\u00e9serves ?Apr\u00e8s \u00a0\u00bb Amiti\u00e9 Marchande*\u00a0\u00bb,(pr\u00e9sent\u00e9 en juin dernier) l&rsquo;atelier th\u00e9\u00e2tre \u00ab\u00a0LES 3 COUPS DE L&rsquo;ESPACE\u00a0\u00bb vous convie \u00e0 nouveau \u00e0 un voyage dans un avenir aussi redoutable que dr\u00f4le avec \u00ab\u00a0Terre &hellip;","og_url":"https:\/\/cafedelespace.com\/index.php\/2025\/11\/27\/soiree-theatre-12-decembre\/","og_site_name":"Le Caf\u00e9 de l&#039;Espace","article_publisher":"https:\/\/www.facebook.com\/Cafe.de.lEspace\/","article_published_time":"2025-11-27T16:53:31+00:00","article_modified_time":"2025-11-27T16:53:32+00:00","og_image":[{"width":724,"height":1024,"url":"https:\/\/cafedelespace.com\/wp-content\/uploads\/2025\/11\/spectacle-theatre-724x1024.png","type":"image\/png"}],"author":"animation","twitter_card":"summary_large_image","twitter_misc":{"\u00c9crit par":"animation"},"schema":{"@context":"https:\/\/schema.org","@graph":[{"@type":"Article","@id":"https:\/\/cafedelespace.com\/index.php\/2025\/11\/27\/soiree-theatre-12-decembre\/#article","isPartOf":{"@id":"https:\/\/cafedelespace.com\/index.php\/2025\/11\/27\/soiree-theatre-12-decembre\/"},"author":{"name":"animation","@id":"https:\/\/cafedelespace.com\/#\/schema\/person\/f9fc8028d82260f4b8da6d717881ed0c"},"headline":"Soir\u00e9e Th\u00e9\u00e2tre &#8211; 12 d\u00e9cembre","datePublished":"2025-11-27T16:53:31+00:00","dateModified":"2025-11-27T16:53:32+00:00","mainEntityOfPage":{"@id":"https:\/\/cafedelespace.com\/index.php\/2025\/11\/27\/soiree-theatre-12-decembre\/"},"wordCount":90,"publisher":{"@id":"https:\/\/cafedelespace.com\/#organization"},"image":{"@id":"https:\/\/cafedelespace.com\/index.php\/2025\/11\/27\/soiree-theatre-12-decembre\/#primaryimage"},"thumbnailUrl":"https:\/\/cafedelespace.com\/wp-content\/uploads\/2025\/11\/spectacle-theatre.png","articleSection":["Animation"],"inLanguage":"fr-FR"},{"@type":"WebPage","@id":"https:\/\/cafedelespace.com\/index.php\/2025\/11\/27\/soiree-theatre-12-decembre\/","url":"https:\/\/cafedelespace.com\/index.php\/2025\/11\/27\/soiree-theatre-12-decembre\/","name":"Soir\u00e9e Th\u00e9\u00e2tre - 12 d\u00e9cembre &#8212; Le Caf\u00e9 de l&#039;Espace","isPartOf":{"@id":"https:\/\/cafedelespace.com\/#website"},"primaryImageOfPage":{"@id":"https:\/\/cafedelespace.com\/index.php\/2025\/11\/27\/soiree-theatre-12-decembre\/#primaryimage"},"image":{"@id":"https:\/\/cafedelespace.com\/index.php\/2025\/11\/27\/soiree-theatre-12-decembre\/#primaryimage"},"thumbnailUrl":"https:\/\/cafedelespace.com\/wp-content\/uploads\/2025\/11\/spectacle-theatre.png","datePublished":"2025-11-27T16:53:31+00:00","dateModified":"2025-11-27T16:53:32+00:00","breadcrumb":{"@id":"https:\/\/cafedelespace.com\/index.php\/2025\/11\/27\/soiree-theatre-12-decembre\/#breadcrumb"},"inLanguage":"fr-FR","potentialAction":[{"@type":"ReadAction","target":["https:\/\/cafedelespace.com\/index.php\/2025\/11\/27\/soiree-theatre-12-decembre\/"]}]},{"@type":"ImageObject","inLanguage":"fr-FR","@id":"https:\/\/cafedelespace.com\/index.php\/2025\/11\/27\/soiree-theatre-12-decembre\/#primaryimage","url":"https:\/\/cafedelespace.com\/wp-content\/uploads\/2025\/11\/spectacle-theatre.png","contentUrl":"https:\/\/cafedelespace.com\/wp-content\/uploads\/2025\/11\/spectacle-theatre.png","width":1414,"height":2000},{"@type":"BreadcrumbList","@id":"https:\/\/cafedelespace.com\/index.php\/2025\/11\/27\/soiree-theatre-12-decembre\/#breadcrumb","itemListElement":[{"@type":"ListItem","position":1,"name":"Accueil","item":"https:\/\/cafedelespace.com\/"},{"@type":"ListItem","position":2,"name":"Soir\u00e9e Th\u00e9\u00e2tre &#8211; 12 d\u00e9cembre"}]},{"@type":"WebSite","@id":"https:\/\/cafedelespace.com\/#website","url":"https:\/\/cafedelespace.com\/","name":"Le Caf\u00e9 de l Espace - Espace Associatif Alain Fauriaux","description":"Espace Associatif Alain Fauriaux","publisher":{"@id":"https:\/\/cafedelespace.com\/#organization"},"potentialAction":[{"@type":"SearchAction","target":{"@type":"EntryPoint","urlTemplate":"https:\/\/cafedelespace.com\/?s={search_term_string}"},"query-input":{"@type":"PropertyValueSpecification","valueRequired":true,"valueName":"search_term_string"}}],"inLanguage":"fr-FR"},{"@type":"Organization","@id":"https:\/\/cafedelespace.com\/#organization","name":"Caf\u00e9 de l'Espace","url":"https:\/\/cafedelespace.com\/","logo":{"@type":"ImageObject","inLanguage":"fr-FR","@id":"https:\/\/cafedelespace.com\/#\/schema\/logo\/image\/","url":"https:\/\/cafedelespace.com\/wp-content\/uploads\/2020\/04\/logo-peinture.png","contentUrl":"https:\/\/cafedelespace.com\/wp-content\/uploads\/2020\/04\/logo-peinture.png","width":500,"height":500,"caption":"Caf\u00e9 de l'Espace"},"image":{"@id":"https:\/\/cafedelespace.com\/#\/schema\/logo\/image\/"},"sameAs":["https:\/\/www.facebook.com\/Cafe.de.lEspace\/"]},{"@type":"Person","@id":"https:\/\/cafedelespace.com\/#\/schema\/person\/f9fc8028d82260f4b8da6d717881ed0c","name":"animation","image":{"@type":"ImageObject","inLanguage":"fr-FR","@id":"https:\/\/secure.gravatar.com\/avatar\/58751f777ed4b9efaea83cfa49d063a6860235226a02165cc8c73a7675e9eea2?s=96&d=mm&r=g","url":"https:\/\/secure.gravatar.com\/avatar\/58751f777ed4b9efaea83cfa49d063a6860235226a02165cc8c73a7675e9eea2?s=96&d=mm&r=g","contentUrl":"https:\/\/secure.gravatar.com\/avatar\/58751f777ed4b9efaea83cfa49d063a6860235226a02165cc8c73a7675e9eea2?s=96&d=mm&r=g","caption":"animation"}}]}},"_links":{"self":[{"href":"https:\/\/cafedelespace.com\/index.php\/wp-json\/wp\/v2\/posts\/2086","targetHints":{"allow":["GET"]}}],"collection":[{"href":"https:\/\/cafedelespace.com\/index.php\/wp-json\/wp\/v2\/posts"}],"about":[{"href":"https:\/\/cafedelespace.com\/index.php\/wp-json\/wp\/v2\/types\/post"}],"author":[{"embeddable":true,"href":"https:\/\/cafedelespace.com\/index.php\/wp-json\/wp\/v2\/users\/3"}],"replies":[{"embeddable":true,"href":"https:\/\/cafedelespace.com\/index.php\/wp-json\/wp\/v2\/comments?post=2086"}],"version-history":[{"count":1,"href":"https:\/\/cafedelespace.com\/index.php\/wp-json\/wp\/v2\/posts\/2086\/revisions"}],"predecessor-version":[{"id":2088,"href":"https:\/\/cafedelespace.com\/index.php\/wp-json\/wp\/v2\/posts\/2086\/revisions\/2088"}],"wp:featuredmedia":[{"embeddable":true,"href":"https:\/\/cafedelespace.com\/index.php\/wp-json\/wp\/v2\/media\/2087"}],"wp:attachment":[{"href":"https:\/\/cafedelespace.com\/index.php\/wp-json\/wp\/v2\/media?parent=2086"}],"wp:term":[{"taxonomy":"category","embeddable":true,"href":"https:\/\/cafedelespace.com\/index.php\/wp-json\/wp\/v2\/categories?post=2086"},{"taxonomy":"post_tag","embeddable":true,"href":"https:\/\/cafedelespace.com\/index.php\/wp-json\/wp\/v2\/tags?post=2086"}],"curies":[{"name":"wp","href":"https:\/\/api.w.org\/{rel}","templated":true}]}}