{"id":2076,"date":"2025-11-25T13:10:24","date_gmt":"2025-11-25T12:10:24","guid":{"rendered":"https:\/\/cafedelespace.com\/?p=2076"},"modified":"2025-11-25T13:10:24","modified_gmt":"2025-11-25T12:10:24","slug":"uncut-28-novembre","status":"publish","type":"post","link":"https:\/\/cafedelespace.com\/index.php\/2025\/11\/25\/uncut-28-novembre\/","title":{"rendered":"Uncut &#8211; 28 novembre"},"content":{"rendered":"\n<p>Vendredi pro il faut ABSOLUMENT que tu sois l\u00e0 ! Tu peux p\u00f4 louper \u00e7a <img decoding=\"async\" height=\"16\" width=\"16\" alt=\"\ud83d\ude01\" src=\"https:\/\/static.xx.fbcdn.net\/images\/emoji.php\/v9\/t4f\/1\/16\/1f601.png\"><\/p>\n\n\n\n<p>Nos amis poitevin de UNCUT et leur tourbillon infernal de Heavy Rock Metal nous ferons l&rsquo;immense JOIE d&rsquo;\u00eatre avec nous pour une soir\u00e9e qui risque bien de nous r\u00e9chauffer <img decoding=\"async\" height=\"16\" width=\"16\" alt=\"\ud83d\udd25\" src=\"https:\/\/static.xx.fbcdn.net\/images\/emoji.php\/v9\/t50\/1\/16\/1f525.png\"><\/p>\n\n\n\n<p>A coup de riffs \u00e9carlates, de trous noirs psych\u00e9d\u00e9liques et de batterie sauvage et \u00e9l\u00e9gante les UNCUT baignent dans le pur jus du Rock am\u00e9ricain <img decoding=\"async\" height=\"16\" width=\"16\" alt=\"\ud83c\udfb8\" src=\"https:\/\/static.xx.fbcdn.net\/images\/emoji.php\/v9\/t21\/1\/16\/1f3b8.png\"><\/p>\n\n\n\n<p>Alexis, Enzo et Pablo t&#8217;embarquent dans leur univers sonore m\u00eal\u00e9 de rock et de blues pour un voyage comme on les aime ici&#8230;INTERGALACTIQUE <img loading=\"lazy\" decoding=\"async\" height=\"16\" width=\"16\" alt=\"\ud83d\ude80\" src=\"https:\/\/static.xx.fbcdn.net\/images\/emoji.php\/v9\/tc6\/1\/16\/1f680.png\"><\/p>\n\n\n\n<p>C&rsquo;est VENDREDI 28 NOVEMBRE, c&rsquo;est \u00e0 PRIX LIBRE et \u00e7a s&rsquo;passe \u00e0 l&rsquo;Espace !<\/p>\n\n\n\n<p>20h30 &#8211; Petite restauration sur place &#8211;<\/p>\n\n\n\n<p>Pour \u00e9couter c&rsquo;est par ici <img loading=\"lazy\" decoding=\"async\" height=\"16\" width=\"16\" alt=\"\ud83d\udc47\" src=\"https:\/\/static.xx.fbcdn.net\/images\/emoji.php\/v9\/t4f\/1\/16\/1f447.png\"><\/p>\n\n\n\n<p><a href=\"https:\/\/www.youtube.com\/watch?v=pPSd1J0qOwM...\">https:\/\/www.youtube.com\/watch?v=pPSd1J0qOwM&#8230;<\/a><\/p>\n\n\n\n<p>bisou <img loading=\"lazy\" decoding=\"async\" height=\"16\" width=\"16\" alt=\"\ud83d\udc99\" src=\"https:\/\/static.xx.fbcdn.net\/images\/emoji.php\/v9\/t6c\/1\/16\/1f499.png\"><\/p>\n\n\n\n<p><\/p>\n","protected":false},"excerpt":{"rendered":"<p>Vendredi pro il faut ABSOLUMENT que tu sois l\u00e0 ! Tu peux p\u00f4 louper \u00e7a Nos amis poitevin de UNCUT et leur tourbillon infernal de Heavy Rock Metal nous ferons l&rsquo;immense JOIE d&rsquo;\u00eatre avec nous pour une soir\u00e9e qui risque bien de nous r\u00e9chauffer A coup de riffs \u00e9carlates, de trous noirs psych\u00e9d\u00e9liques et de &hellip; <\/p>\n","protected":false},"author":3,"featured_media":2077,"comment_status":"closed","ping_status":"closed","sticky":false,"template":"","format":"standard","meta":{"footnotes":""},"categories":[3],"tags":[],"class_list":["post-2076","post","type-post","status-publish","format-standard","has-post-thumbnail","hentry","category-concert","latest_post"],"yoast_head":"<!-- This site is optimized with the Yoast SEO plugin v27.2 - https:\/\/yoast.com\/product\/yoast-seo-wordpress\/ -->\n<title>Uncut - 28 novembre &#8212; Le Caf\u00e9 de l&#039;Espace<\/title>\n<meta name=\"robots\" content=\"index, follow, max-snippet:-1, max-image-preview:large, max-video-preview:-1\" \/>\n<link rel=\"canonical\" href=\"https:\/\/cafedelespace.com\/index.php\/2025\/11\/25\/uncut-28-novembre\/\" \/>\n<meta property=\"og:locale\" content=\"fr_FR\" \/>\n<meta property=\"og:type\" content=\"article\" \/>\n<meta property=\"og:title\" content=\"Uncut - 28 novembre &#8212; Le Caf\u00e9 de l&#039;Espace\" \/>\n<meta property=\"og:description\" content=\"Vendredi pro il faut ABSOLUMENT que tu sois l\u00e0 ! Tu peux p\u00f4 louper \u00e7a Nos amis poitevin de UNCUT et leur tourbillon infernal de Heavy Rock Metal nous ferons l&rsquo;immense JOIE d&rsquo;\u00eatre avec nous pour une soir\u00e9e qui risque bien de nous r\u00e9chauffer A coup de riffs \u00e9carlates, de trous noirs psych\u00e9d\u00e9liques et de &hellip;\" \/>\n<meta property=\"og:url\" content=\"https:\/\/cafedelespace.com\/index.php\/2025\/11\/25\/uncut-28-novembre\/\" \/>\n<meta property=\"og:site_name\" content=\"Le Caf\u00e9 de l&#039;Espace\" \/>\n<meta property=\"article:publisher\" content=\"https:\/\/www.facebook.com\/Cafe.de.lEspace\/\" \/>\n<meta property=\"article:published_time\" content=\"2025-11-25T12:10:24+00:00\" \/>\n<meta property=\"og:image\" content=\"https:\/\/cafedelespace.com\/wp-content\/uploads\/2025\/11\/uncut2-724x1024.png\" \/>\n\t<meta property=\"og:image:width\" content=\"724\" \/>\n\t<meta property=\"og:image:height\" content=\"1024\" \/>\n\t<meta property=\"og:image:type\" content=\"image\/png\" \/>\n<meta name=\"author\" content=\"animation\" \/>\n<meta name=\"twitter:card\" content=\"summary_large_image\" \/>\n<meta name=\"twitter:label1\" content=\"\u00c9crit par\" \/>\n\t<meta name=\"twitter:data1\" content=\"animation\" \/>\n\t<meta name=\"twitter:label2\" content=\"Dur\u00e9e de lecture estim\u00e9e\" \/>\n\t<meta name=\"twitter:data2\" content=\"1 minute\" \/>\n<script type=\"application\/ld+json\" class=\"yoast-schema-graph\">{\"@context\":\"https:\/\/schema.org\",\"@graph\":[{\"@type\":\"Article\",\"@id\":\"https:\/\/cafedelespace.com\/index.php\/2025\/11\/25\/uncut-28-novembre\/#article\",\"isPartOf\":{\"@id\":\"https:\/\/cafedelespace.com\/index.php\/2025\/11\/25\/uncut-28-novembre\/\"},\"author\":{\"name\":\"animation\",\"@id\":\"https:\/\/cafedelespace.com\/#\/schema\/person\/f9fc8028d82260f4b8da6d717881ed0c\"},\"headline\":\"Uncut &#8211; 28 novembre\",\"datePublished\":\"2025-11-25T12:10:24+00:00\",\"mainEntityOfPage\":{\"@id\":\"https:\/\/cafedelespace.com\/index.php\/2025\/11\/25\/uncut-28-novembre\/\"},\"wordCount\":135,\"publisher\":{\"@id\":\"https:\/\/cafedelespace.com\/#organization\"},\"image\":{\"@id\":\"https:\/\/cafedelespace.com\/index.php\/2025\/11\/25\/uncut-28-novembre\/#primaryimage\"},\"thumbnailUrl\":\"https:\/\/cafedelespace.com\/wp-content\/uploads\/2025\/11\/uncut2.png\",\"articleSection\":[\"Concert\"],\"inLanguage\":\"fr-FR\"},{\"@type\":\"WebPage\",\"@id\":\"https:\/\/cafedelespace.com\/index.php\/2025\/11\/25\/uncut-28-novembre\/\",\"url\":\"https:\/\/cafedelespace.com\/index.php\/2025\/11\/25\/uncut-28-novembre\/\",\"name\":\"Uncut - 28 novembre &#8212; Le Caf\u00e9 de l&#039;Espace\",\"isPartOf\":{\"@id\":\"https:\/\/cafedelespace.com\/#website\"},\"primaryImageOfPage\":{\"@id\":\"https:\/\/cafedelespace.com\/index.php\/2025\/11\/25\/uncut-28-novembre\/#primaryimage\"},\"image\":{\"@id\":\"https:\/\/cafedelespace.com\/index.php\/2025\/11\/25\/uncut-28-novembre\/#primaryimage\"},\"thumbnailUrl\":\"https:\/\/cafedelespace.com\/wp-content\/uploads\/2025\/11\/uncut2.png\",\"datePublished\":\"2025-11-25T12:10:24+00:00\",\"breadcrumb\":{\"@id\":\"https:\/\/cafedelespace.com\/index.php\/2025\/11\/25\/uncut-28-novembre\/#breadcrumb\"},\"inLanguage\":\"fr-FR\",\"potentialAction\":[{\"@type\":\"ReadAction\",\"target\":[\"https:\/\/cafedelespace.com\/index.php\/2025\/11\/25\/uncut-28-novembre\/\"]}]},{\"@type\":\"ImageObject\",\"inLanguage\":\"fr-FR\",\"@id\":\"https:\/\/cafedelespace.com\/index.php\/2025\/11\/25\/uncut-28-novembre\/#primaryimage\",\"url\":\"https:\/\/cafedelespace.com\/wp-content\/uploads\/2025\/11\/uncut2.png\",\"contentUrl\":\"https:\/\/cafedelespace.com\/wp-content\/uploads\/2025\/11\/uncut2.png\",\"width\":1587,\"height\":2245},{\"@type\":\"BreadcrumbList\",\"@id\":\"https:\/\/cafedelespace.com\/index.php\/2025\/11\/25\/uncut-28-novembre\/#breadcrumb\",\"itemListElement\":[{\"@type\":\"ListItem\",\"position\":1,\"name\":\"Accueil\",\"item\":\"https:\/\/cafedelespace.com\/\"},{\"@type\":\"ListItem\",\"position\":2,\"name\":\"Uncut &#8211; 28 novembre\"}]},{\"@type\":\"WebSite\",\"@id\":\"https:\/\/cafedelespace.com\/#website\",\"url\":\"https:\/\/cafedelespace.com\/\",\"name\":\"Le Caf\u00e9 de l Espace - Espace Associatif Alain Fauriaux\",\"description\":\"Espace Associatif Alain Fauriaux\",\"publisher\":{\"@id\":\"https:\/\/cafedelespace.com\/#organization\"},\"potentialAction\":[{\"@type\":\"SearchAction\",\"target\":{\"@type\":\"EntryPoint\",\"urlTemplate\":\"https:\/\/cafedelespace.com\/?s={search_term_string}\"},\"query-input\":{\"@type\":\"PropertyValueSpecification\",\"valueRequired\":true,\"valueName\":\"search_term_string\"}}],\"inLanguage\":\"fr-FR\"},{\"@type\":\"Organization\",\"@id\":\"https:\/\/cafedelespace.com\/#organization\",\"name\":\"Caf\u00e9 de l'Espace\",\"url\":\"https:\/\/cafedelespace.com\/\",\"logo\":{\"@type\":\"ImageObject\",\"inLanguage\":\"fr-FR\",\"@id\":\"https:\/\/cafedelespace.com\/#\/schema\/logo\/image\/\",\"url\":\"https:\/\/cafedelespace.com\/wp-content\/uploads\/2020\/04\/logo-peinture.png\",\"contentUrl\":\"https:\/\/cafedelespace.com\/wp-content\/uploads\/2020\/04\/logo-peinture.png\",\"width\":500,\"height\":500,\"caption\":\"Caf\u00e9 de l'Espace\"},\"image\":{\"@id\":\"https:\/\/cafedelespace.com\/#\/schema\/logo\/image\/\"},\"sameAs\":[\"https:\/\/www.facebook.com\/Cafe.de.lEspace\/\"]},{\"@type\":\"Person\",\"@id\":\"https:\/\/cafedelespace.com\/#\/schema\/person\/f9fc8028d82260f4b8da6d717881ed0c\",\"name\":\"animation\",\"image\":{\"@type\":\"ImageObject\",\"inLanguage\":\"fr-FR\",\"@id\":\"https:\/\/secure.gravatar.com\/avatar\/58751f777ed4b9efaea83cfa49d063a6860235226a02165cc8c73a7675e9eea2?s=96&d=mm&r=g\",\"url\":\"https:\/\/secure.gravatar.com\/avatar\/58751f777ed4b9efaea83cfa49d063a6860235226a02165cc8c73a7675e9eea2?s=96&d=mm&r=g\",\"contentUrl\":\"https:\/\/secure.gravatar.com\/avatar\/58751f777ed4b9efaea83cfa49d063a6860235226a02165cc8c73a7675e9eea2?s=96&d=mm&r=g\",\"caption\":\"animation\"}}]}<\/script>\n<!-- \/ Yoast SEO plugin. -->","yoast_head_json":{"title":"Uncut - 28 novembre &#8212; Le Caf\u00e9 de l&#039;Espace","robots":{"index":"index","follow":"follow","max-snippet":"max-snippet:-1","max-image-preview":"max-image-preview:large","max-video-preview":"max-video-preview:-1"},"canonical":"https:\/\/cafedelespace.com\/index.php\/2025\/11\/25\/uncut-28-novembre\/","og_locale":"fr_FR","og_type":"article","og_title":"Uncut - 28 novembre &#8212; Le Caf\u00e9 de l&#039;Espace","og_description":"Vendredi pro il faut ABSOLUMENT que tu sois l\u00e0 ! Tu peux p\u00f4 louper \u00e7a Nos amis poitevin de UNCUT et leur tourbillon infernal de Heavy Rock Metal nous ferons l&rsquo;immense JOIE d&rsquo;\u00eatre avec nous pour une soir\u00e9e qui risque bien de nous r\u00e9chauffer A coup de riffs \u00e9carlates, de trous noirs psych\u00e9d\u00e9liques et de &hellip;","og_url":"https:\/\/cafedelespace.com\/index.php\/2025\/11\/25\/uncut-28-novembre\/","og_site_name":"Le Caf\u00e9 de l&#039;Espace","article_publisher":"https:\/\/www.facebook.com\/Cafe.de.lEspace\/","article_published_time":"2025-11-25T12:10:24+00:00","og_image":[{"width":724,"height":1024,"url":"https:\/\/cafedelespace.com\/wp-content\/uploads\/2025\/11\/uncut2-724x1024.png","type":"image\/png"}],"author":"animation","twitter_card":"summary_large_image","twitter_misc":{"\u00c9crit par":"animation","Dur\u00e9e de lecture estim\u00e9e":"1 minute"},"schema":{"@context":"https:\/\/schema.org","@graph":[{"@type":"Article","@id":"https:\/\/cafedelespace.com\/index.php\/2025\/11\/25\/uncut-28-novembre\/#article","isPartOf":{"@id":"https:\/\/cafedelespace.com\/index.php\/2025\/11\/25\/uncut-28-novembre\/"},"author":{"name":"animation","@id":"https:\/\/cafedelespace.com\/#\/schema\/person\/f9fc8028d82260f4b8da6d717881ed0c"},"headline":"Uncut &#8211; 28 novembre","datePublished":"2025-11-25T12:10:24+00:00","mainEntityOfPage":{"@id":"https:\/\/cafedelespace.com\/index.php\/2025\/11\/25\/uncut-28-novembre\/"},"wordCount":135,"publisher":{"@id":"https:\/\/cafedelespace.com\/#organization"},"image":{"@id":"https:\/\/cafedelespace.com\/index.php\/2025\/11\/25\/uncut-28-novembre\/#primaryimage"},"thumbnailUrl":"https:\/\/cafedelespace.com\/wp-content\/uploads\/2025\/11\/uncut2.png","articleSection":["Concert"],"inLanguage":"fr-FR"},{"@type":"WebPage","@id":"https:\/\/cafedelespace.com\/index.php\/2025\/11\/25\/uncut-28-novembre\/","url":"https:\/\/cafedelespace.com\/index.php\/2025\/11\/25\/uncut-28-novembre\/","name":"Uncut - 28 novembre &#8212; Le Caf\u00e9 de l&#039;Espace","isPartOf":{"@id":"https:\/\/cafedelespace.com\/#website"},"primaryImageOfPage":{"@id":"https:\/\/cafedelespace.com\/index.php\/2025\/11\/25\/uncut-28-novembre\/#primaryimage"},"image":{"@id":"https:\/\/cafedelespace.com\/index.php\/2025\/11\/25\/uncut-28-novembre\/#primaryimage"},"thumbnailUrl":"https:\/\/cafedelespace.com\/wp-content\/uploads\/2025\/11\/uncut2.png","datePublished":"2025-11-25T12:10:24+00:00","breadcrumb":{"@id":"https:\/\/cafedelespace.com\/index.php\/2025\/11\/25\/uncut-28-novembre\/#breadcrumb"},"inLanguage":"fr-FR","potentialAction":[{"@type":"ReadAction","target":["https:\/\/cafedelespace.com\/index.php\/2025\/11\/25\/uncut-28-novembre\/"]}]},{"@type":"ImageObject","inLanguage":"fr-FR","@id":"https:\/\/cafedelespace.com\/index.php\/2025\/11\/25\/uncut-28-novembre\/#primaryimage","url":"https:\/\/cafedelespace.com\/wp-content\/uploads\/2025\/11\/uncut2.png","contentUrl":"https:\/\/cafedelespace.com\/wp-content\/uploads\/2025\/11\/uncut2.png","width":1587,"height":2245},{"@type":"BreadcrumbList","@id":"https:\/\/cafedelespace.com\/index.php\/2025\/11\/25\/uncut-28-novembre\/#breadcrumb","itemListElement":[{"@type":"ListItem","position":1,"name":"Accueil","item":"https:\/\/cafedelespace.com\/"},{"@type":"ListItem","position":2,"name":"Uncut &#8211; 28 novembre"}]},{"@type":"WebSite","@id":"https:\/\/cafedelespace.com\/#website","url":"https:\/\/cafedelespace.com\/","name":"Le Caf\u00e9 de l Espace - Espace Associatif Alain Fauriaux","description":"Espace Associatif Alain Fauriaux","publisher":{"@id":"https:\/\/cafedelespace.com\/#organization"},"potentialAction":[{"@type":"SearchAction","target":{"@type":"EntryPoint","urlTemplate":"https:\/\/cafedelespace.com\/?s={search_term_string}"},"query-input":{"@type":"PropertyValueSpecification","valueRequired":true,"valueName":"search_term_string"}}],"inLanguage":"fr-FR"},{"@type":"Organization","@id":"https:\/\/cafedelespace.com\/#organization","name":"Caf\u00e9 de l'Espace","url":"https:\/\/cafedelespace.com\/","logo":{"@type":"ImageObject","inLanguage":"fr-FR","@id":"https:\/\/cafedelespace.com\/#\/schema\/logo\/image\/","url":"https:\/\/cafedelespace.com\/wp-content\/uploads\/2020\/04\/logo-peinture.png","contentUrl":"https:\/\/cafedelespace.com\/wp-content\/uploads\/2020\/04\/logo-peinture.png","width":500,"height":500,"caption":"Caf\u00e9 de l'Espace"},"image":{"@id":"https:\/\/cafedelespace.com\/#\/schema\/logo\/image\/"},"sameAs":["https:\/\/www.facebook.com\/Cafe.de.lEspace\/"]},{"@type":"Person","@id":"https:\/\/cafedelespace.com\/#\/schema\/person\/f9fc8028d82260f4b8da6d717881ed0c","name":"animation","image":{"@type":"ImageObject","inLanguage":"fr-FR","@id":"https:\/\/secure.gravatar.com\/avatar\/58751f777ed4b9efaea83cfa49d063a6860235226a02165cc8c73a7675e9eea2?s=96&d=mm&r=g","url":"https:\/\/secure.gravatar.com\/avatar\/58751f777ed4b9efaea83cfa49d063a6860235226a02165cc8c73a7675e9eea2?s=96&d=mm&r=g","contentUrl":"https:\/\/secure.gravatar.com\/avatar\/58751f777ed4b9efaea83cfa49d063a6860235226a02165cc8c73a7675e9eea2?s=96&d=mm&r=g","caption":"animation"}}]}},"_links":{"self":[{"href":"https:\/\/cafedelespace.com\/index.php\/wp-json\/wp\/v2\/posts\/2076","targetHints":{"allow":["GET"]}}],"collection":[{"href":"https:\/\/cafedelespace.com\/index.php\/wp-json\/wp\/v2\/posts"}],"about":[{"href":"https:\/\/cafedelespace.com\/index.php\/wp-json\/wp\/v2\/types\/post"}],"author":[{"embeddable":true,"href":"https:\/\/cafedelespace.com\/index.php\/wp-json\/wp\/v2\/users\/3"}],"replies":[{"embeddable":true,"href":"https:\/\/cafedelespace.com\/index.php\/wp-json\/wp\/v2\/comments?post=2076"}],"version-history":[{"count":1,"href":"https:\/\/cafedelespace.com\/index.php\/wp-json\/wp\/v2\/posts\/2076\/revisions"}],"predecessor-version":[{"id":2078,"href":"https:\/\/cafedelespace.com\/index.php\/wp-json\/wp\/v2\/posts\/2076\/revisions\/2078"}],"wp:featuredmedia":[{"embeddable":true,"href":"https:\/\/cafedelespace.com\/index.php\/wp-json\/wp\/v2\/media\/2077"}],"wp:attachment":[{"href":"https:\/\/cafedelespace.com\/index.php\/wp-json\/wp\/v2\/media?parent=2076"}],"wp:term":[{"taxonomy":"category","embeddable":true,"href":"https:\/\/cafedelespace.com\/index.php\/wp-json\/wp\/v2\/categories?post=2076"},{"taxonomy":"post_tag","embeddable":true,"href":"https:\/\/cafedelespace.com\/index.php\/wp-json\/wp\/v2\/tags?post=2076"}],"curies":[{"name":"wp","href":"https:\/\/api.w.org\/{rel}","templated":true}]}}