{"id":2069,"date":"2025-11-19T14:19:51","date_gmt":"2025-11-19T13:19:51","guid":{"rendered":"https:\/\/cafedelespace.com\/?p=2069"},"modified":"2025-11-19T14:20:21","modified_gmt":"2025-11-19T13:20:21","slug":"jam-beaujolais","status":"publish","type":"post","link":"https:\/\/cafedelespace.com\/index.php\/2025\/11\/19\/jam-beaujolais\/","title":{"rendered":"Jam &amp; Beaujolais &#8211; 21 novembre"},"content":{"rendered":"\n<p>Ou\u00e9\u00e9\u00e9\u00e9 c&rsquo;est la Ja&rsquo;Jam Beaujolais <img decoding=\"async\" height=\"16\" width=\"16\" alt=\"\ud83d\ude01\" src=\"https:\/\/static.xx.fbcdn.net\/images\/emoji.php\/v9\/t4f\/1\/16\/1f601.png\"><img decoding=\"async\" height=\"16\" width=\"16\" alt=\"\ud83c\udf77\" src=\"https:\/\/static.xx.fbcdn.net\/images\/emoji.php\/v9\/teb\/1\/16\/1f377.png\"><img decoding=\"async\" height=\"16\" width=\"16\" alt=\"\ud83c\udfb8\" src=\"https:\/\/static.xx.fbcdn.net\/images\/emoji.php\/v9\/t21\/1\/16\/1f3b8.png\"><\/p>\n\n\n\n<p>Une <a><\/a>petite note de framboise nan ? Ah non je dirais plut\u00f4t banane <img loading=\"lazy\" decoding=\"async\" height=\"16\" width=\"16\" alt=\"\ud83c\udf4c\" src=\"https:\/\/static.xx.fbcdn.net\/images\/emoji.php\/v9\/t3a\/1\/16\/1f34c.png\">! Toi et moi on le sait c&rsquo;est pas pour son go\u00fbt fruit\u00e9 qu&rsquo;on aime le tester <img loading=\"lazy\" decoding=\"async\" height=\"16\" width=\"16\" alt=\"\ud83d\ude02\" src=\"https:\/\/static.xx.fbcdn.net\/images\/emoji.php\/v9\/td0\/1\/16\/1f602.png\">! Mais pour s&rsquo;amuser !!<\/p>\n\n\n\n<p>On a kiff\u00e9 l&rsquo;an dernier alors l&rsquo;\u00e9picerie de Paul et l&rsquo;espace remettent \u00e7a encore une fois <img loading=\"lazy\" decoding=\"async\" height=\"16\" width=\"16\" alt=\"\ud83e\udd18\" src=\"https:\/\/static.xx.fbcdn.net\/images\/emoji.php\/v9\/t38\/1\/16\/1f918.png\"><\/p>\n\n\n\n<p>Ram\u00e8ne tes copaines, ton plus bel instru ! En plus y aura du saucisson ! On adoooore <img loading=\"lazy\" decoding=\"async\" height=\"16\" width=\"16\" alt=\"\ud83e\udd29\" src=\"https:\/\/static.xx.fbcdn.net\/images\/emoji.php\/v9\/t58\/1\/16\/1f929.png\"><\/p>\n\n\n\n<p>19h &#8211; entr\u00e9e GRATUITE &#8211; d\u00e9gustation beaujolais payante &#8211; Soir\u00e9e en partenariat avec <a href=\"https:\/\/www.facebook.com\/profile.php?id=61552286623204&amp;__cft__[0]=AZVY6Uu-hMeXHquz3ktmB1gc5VtHvywXHOfnv9yemiU1Y_d2OITUHrFnIIKFOsULrMiRU9G0yUZDXhiJNO-64GAdXdTe5yUSmOuIMt4_3mHTpjeW5euRerQZU50WsxML_gsfQLHwHHSpFvjCtAXeOyfBCmhtMUyYdQbRH3oEHfiZ1WLIdDRVDj3t3bJtbgeHPO4&amp;__tn__=-]K-R\">L&rsquo;Epicerie de Paul<\/a> (\u00e9picerie-tabac \u00e0 Flayat)<\/p>\n\n\n\n<p>A vendredi <img loading=\"lazy\" decoding=\"async\" height=\"16\" width=\"16\" alt=\"\ud83d\ude80\" src=\"https:\/\/static.xx.fbcdn.net\/images\/emoji.php\/v9\/tc6\/1\/16\/1f680.png\"><img loading=\"lazy\" decoding=\"async\" height=\"16\" width=\"16\" alt=\"\ud83d\ude80\" src=\"https:\/\/static.xx.fbcdn.net\/images\/emoji.php\/v9\/tc6\/1\/16\/1f680.png\"><\/p>\n","protected":false},"excerpt":{"rendered":"<p>Ou\u00e9\u00e9\u00e9\u00e9 c&rsquo;est la Ja&rsquo;Jam Beaujolais Une petite note de framboise nan ? Ah non je dirais plut\u00f4t banane ! Toi et moi on le sait c&rsquo;est pas pour son go\u00fbt fruit\u00e9 qu&rsquo;on aime le tester ! Mais pour s&rsquo;amuser !! On a kiff\u00e9 l&rsquo;an dernier alors l&rsquo;\u00e9picerie de Paul et l&rsquo;espace remettent \u00e7a encore une &hellip; <\/p>\n","protected":false},"author":3,"featured_media":2070,"comment_status":"closed","ping_status":"closed","sticky":false,"template":"","format":"standard","meta":{"footnotes":""},"categories":[7,3],"tags":[],"class_list":["post-2069","post","type-post","status-publish","format-standard","has-post-thumbnail","hentry","category-animation","category-concert","latest_post"],"yoast_head":"<!-- This site is optimized with the Yoast SEO plugin v27.2 - https:\/\/yoast.com\/product\/yoast-seo-wordpress\/ -->\n<title>Jam &amp; Beaujolais - 21 novembre &#8212; Le Caf\u00e9 de l&#039;Espace<\/title>\n<meta name=\"robots\" content=\"index, follow, max-snippet:-1, max-image-preview:large, max-video-preview:-1\" \/>\n<link rel=\"canonical\" href=\"https:\/\/cafedelespace.com\/index.php\/2025\/11\/19\/jam-beaujolais\/\" \/>\n<meta property=\"og:locale\" content=\"fr_FR\" \/>\n<meta property=\"og:type\" content=\"article\" \/>\n<meta property=\"og:title\" content=\"Jam &amp; Beaujolais - 21 novembre &#8212; Le Caf\u00e9 de l&#039;Espace\" \/>\n<meta property=\"og:description\" content=\"Ou\u00e9\u00e9\u00e9\u00e9 c&rsquo;est la Ja&rsquo;Jam Beaujolais Une petite note de framboise nan ? Ah non je dirais plut\u00f4t banane ! Toi et moi on le sait c&rsquo;est pas pour son go\u00fbt fruit\u00e9 qu&rsquo;on aime le tester ! Mais pour s&rsquo;amuser !! On a kiff\u00e9 l&rsquo;an dernier alors l&rsquo;\u00e9picerie de Paul et l&rsquo;espace remettent \u00e7a encore une &hellip;\" \/>\n<meta property=\"og:url\" content=\"https:\/\/cafedelespace.com\/index.php\/2025\/11\/19\/jam-beaujolais\/\" \/>\n<meta property=\"og:site_name\" content=\"Le Caf\u00e9 de l&#039;Espace\" \/>\n<meta property=\"article:publisher\" content=\"https:\/\/www.facebook.com\/Cafe.de.lEspace\/\" \/>\n<meta property=\"article:published_time\" content=\"2025-11-19T13:19:51+00:00\" \/>\n<meta property=\"article:modified_time\" content=\"2025-11-19T13:20:21+00:00\" \/>\n<meta property=\"og:image\" content=\"https:\/\/cafedelespace.com\/wp-content\/uploads\/2025\/11\/jam-et-beaujolais-724x1024.png\" \/>\n\t<meta property=\"og:image:width\" content=\"724\" \/>\n\t<meta property=\"og:image:height\" content=\"1024\" \/>\n\t<meta property=\"og:image:type\" content=\"image\/png\" \/>\n<meta name=\"author\" content=\"animation\" \/>\n<meta name=\"twitter:card\" content=\"summary_large_image\" \/>\n<meta name=\"twitter:label1\" content=\"\u00c9crit par\" \/>\n\t<meta name=\"twitter:data1\" content=\"animation\" \/>\n<script type=\"application\/ld+json\" class=\"yoast-schema-graph\">{\"@context\":\"https:\/\/schema.org\",\"@graph\":[{\"@type\":\"Article\",\"@id\":\"https:\/\/cafedelespace.com\/index.php\/2025\/11\/19\/jam-beaujolais\/#article\",\"isPartOf\":{\"@id\":\"https:\/\/cafedelespace.com\/index.php\/2025\/11\/19\/jam-beaujolais\/\"},\"author\":{\"name\":\"animation\",\"@id\":\"https:\/\/cafedelespace.com\/#\/schema\/person\/f9fc8028d82260f4b8da6d717881ed0c\"},\"headline\":\"Jam &amp; Beaujolais &#8211; 21 novembre\",\"datePublished\":\"2025-11-19T13:19:51+00:00\",\"dateModified\":\"2025-11-19T13:20:21+00:00\",\"mainEntityOfPage\":{\"@id\":\"https:\/\/cafedelespace.com\/index.php\/2025\/11\/19\/jam-beaujolais\/\"},\"wordCount\":99,\"publisher\":{\"@id\":\"https:\/\/cafedelespace.com\/#organization\"},\"image\":{\"@id\":\"https:\/\/cafedelespace.com\/index.php\/2025\/11\/19\/jam-beaujolais\/#primaryimage\"},\"thumbnailUrl\":\"https:\/\/cafedelespace.com\/wp-content\/uploads\/2025\/11\/jam-et-beaujolais.png\",\"articleSection\":[\"Animation\",\"Concert\"],\"inLanguage\":\"fr-FR\"},{\"@type\":\"WebPage\",\"@id\":\"https:\/\/cafedelespace.com\/index.php\/2025\/11\/19\/jam-beaujolais\/\",\"url\":\"https:\/\/cafedelespace.com\/index.php\/2025\/11\/19\/jam-beaujolais\/\",\"name\":\"Jam &amp; Beaujolais - 21 novembre &#8212; Le Caf\u00e9 de l&#039;Espace\",\"isPartOf\":{\"@id\":\"https:\/\/cafedelespace.com\/#website\"},\"primaryImageOfPage\":{\"@id\":\"https:\/\/cafedelespace.com\/index.php\/2025\/11\/19\/jam-beaujolais\/#primaryimage\"},\"image\":{\"@id\":\"https:\/\/cafedelespace.com\/index.php\/2025\/11\/19\/jam-beaujolais\/#primaryimage\"},\"thumbnailUrl\":\"https:\/\/cafedelespace.com\/wp-content\/uploads\/2025\/11\/jam-et-beaujolais.png\",\"datePublished\":\"2025-11-19T13:19:51+00:00\",\"dateModified\":\"2025-11-19T13:20:21+00:00\",\"breadcrumb\":{\"@id\":\"https:\/\/cafedelespace.com\/index.php\/2025\/11\/19\/jam-beaujolais\/#breadcrumb\"},\"inLanguage\":\"fr-FR\",\"potentialAction\":[{\"@type\":\"ReadAction\",\"target\":[\"https:\/\/cafedelespace.com\/index.php\/2025\/11\/19\/jam-beaujolais\/\"]}]},{\"@type\":\"ImageObject\",\"inLanguage\":\"fr-FR\",\"@id\":\"https:\/\/cafedelespace.com\/index.php\/2025\/11\/19\/jam-beaujolais\/#primaryimage\",\"url\":\"https:\/\/cafedelespace.com\/wp-content\/uploads\/2025\/11\/jam-et-beaujolais.png\",\"contentUrl\":\"https:\/\/cafedelespace.com\/wp-content\/uploads\/2025\/11\/jam-et-beaujolais.png\",\"width\":1587,\"height\":2245},{\"@type\":\"BreadcrumbList\",\"@id\":\"https:\/\/cafedelespace.com\/index.php\/2025\/11\/19\/jam-beaujolais\/#breadcrumb\",\"itemListElement\":[{\"@type\":\"ListItem\",\"position\":1,\"name\":\"Accueil\",\"item\":\"https:\/\/cafedelespace.com\/\"},{\"@type\":\"ListItem\",\"position\":2,\"name\":\"Jam &amp; Beaujolais &#8211; 21 novembre\"}]},{\"@type\":\"WebSite\",\"@id\":\"https:\/\/cafedelespace.com\/#website\",\"url\":\"https:\/\/cafedelespace.com\/\",\"name\":\"Le Caf\u00e9 de l Espace - Espace Associatif Alain Fauriaux\",\"description\":\"Espace Associatif Alain Fauriaux\",\"publisher\":{\"@id\":\"https:\/\/cafedelespace.com\/#organization\"},\"potentialAction\":[{\"@type\":\"SearchAction\",\"target\":{\"@type\":\"EntryPoint\",\"urlTemplate\":\"https:\/\/cafedelespace.com\/?s={search_term_string}\"},\"query-input\":{\"@type\":\"PropertyValueSpecification\",\"valueRequired\":true,\"valueName\":\"search_term_string\"}}],\"inLanguage\":\"fr-FR\"},{\"@type\":\"Organization\",\"@id\":\"https:\/\/cafedelespace.com\/#organization\",\"name\":\"Caf\u00e9 de l'Espace\",\"url\":\"https:\/\/cafedelespace.com\/\",\"logo\":{\"@type\":\"ImageObject\",\"inLanguage\":\"fr-FR\",\"@id\":\"https:\/\/cafedelespace.com\/#\/schema\/logo\/image\/\",\"url\":\"https:\/\/cafedelespace.com\/wp-content\/uploads\/2020\/04\/logo-peinture.png\",\"contentUrl\":\"https:\/\/cafedelespace.com\/wp-content\/uploads\/2020\/04\/logo-peinture.png\",\"width\":500,\"height\":500,\"caption\":\"Caf\u00e9 de l'Espace\"},\"image\":{\"@id\":\"https:\/\/cafedelespace.com\/#\/schema\/logo\/image\/\"},\"sameAs\":[\"https:\/\/www.facebook.com\/Cafe.de.lEspace\/\"]},{\"@type\":\"Person\",\"@id\":\"https:\/\/cafedelespace.com\/#\/schema\/person\/f9fc8028d82260f4b8da6d717881ed0c\",\"name\":\"animation\",\"image\":{\"@type\":\"ImageObject\",\"inLanguage\":\"fr-FR\",\"@id\":\"https:\/\/secure.gravatar.com\/avatar\/58751f777ed4b9efaea83cfa49d063a6860235226a02165cc8c73a7675e9eea2?s=96&d=mm&r=g\",\"url\":\"https:\/\/secure.gravatar.com\/avatar\/58751f777ed4b9efaea83cfa49d063a6860235226a02165cc8c73a7675e9eea2?s=96&d=mm&r=g\",\"contentUrl\":\"https:\/\/secure.gravatar.com\/avatar\/58751f777ed4b9efaea83cfa49d063a6860235226a02165cc8c73a7675e9eea2?s=96&d=mm&r=g\",\"caption\":\"animation\"}}]}<\/script>\n<!-- \/ Yoast SEO plugin. -->","yoast_head_json":{"title":"Jam &amp; Beaujolais - 21 novembre &#8212; Le Caf\u00e9 de l&#039;Espace","robots":{"index":"index","follow":"follow","max-snippet":"max-snippet:-1","max-image-preview":"max-image-preview:large","max-video-preview":"max-video-preview:-1"},"canonical":"https:\/\/cafedelespace.com\/index.php\/2025\/11\/19\/jam-beaujolais\/","og_locale":"fr_FR","og_type":"article","og_title":"Jam &amp; Beaujolais - 21 novembre &#8212; Le Caf\u00e9 de l&#039;Espace","og_description":"Ou\u00e9\u00e9\u00e9\u00e9 c&rsquo;est la Ja&rsquo;Jam Beaujolais Une petite note de framboise nan ? Ah non je dirais plut\u00f4t banane ! Toi et moi on le sait c&rsquo;est pas pour son go\u00fbt fruit\u00e9 qu&rsquo;on aime le tester ! Mais pour s&rsquo;amuser !! On a kiff\u00e9 l&rsquo;an dernier alors l&rsquo;\u00e9picerie de Paul et l&rsquo;espace remettent \u00e7a encore une &hellip;","og_url":"https:\/\/cafedelespace.com\/index.php\/2025\/11\/19\/jam-beaujolais\/","og_site_name":"Le Caf\u00e9 de l&#039;Espace","article_publisher":"https:\/\/www.facebook.com\/Cafe.de.lEspace\/","article_published_time":"2025-11-19T13:19:51+00:00","article_modified_time":"2025-11-19T13:20:21+00:00","og_image":[{"width":724,"height":1024,"url":"https:\/\/cafedelespace.com\/wp-content\/uploads\/2025\/11\/jam-et-beaujolais-724x1024.png","type":"image\/png"}],"author":"animation","twitter_card":"summary_large_image","twitter_misc":{"\u00c9crit par":"animation"},"schema":{"@context":"https:\/\/schema.org","@graph":[{"@type":"Article","@id":"https:\/\/cafedelespace.com\/index.php\/2025\/11\/19\/jam-beaujolais\/#article","isPartOf":{"@id":"https:\/\/cafedelespace.com\/index.php\/2025\/11\/19\/jam-beaujolais\/"},"author":{"name":"animation","@id":"https:\/\/cafedelespace.com\/#\/schema\/person\/f9fc8028d82260f4b8da6d717881ed0c"},"headline":"Jam &amp; Beaujolais &#8211; 21 novembre","datePublished":"2025-11-19T13:19:51+00:00","dateModified":"2025-11-19T13:20:21+00:00","mainEntityOfPage":{"@id":"https:\/\/cafedelespace.com\/index.php\/2025\/11\/19\/jam-beaujolais\/"},"wordCount":99,"publisher":{"@id":"https:\/\/cafedelespace.com\/#organization"},"image":{"@id":"https:\/\/cafedelespace.com\/index.php\/2025\/11\/19\/jam-beaujolais\/#primaryimage"},"thumbnailUrl":"https:\/\/cafedelespace.com\/wp-content\/uploads\/2025\/11\/jam-et-beaujolais.png","articleSection":["Animation","Concert"],"inLanguage":"fr-FR"},{"@type":"WebPage","@id":"https:\/\/cafedelespace.com\/index.php\/2025\/11\/19\/jam-beaujolais\/","url":"https:\/\/cafedelespace.com\/index.php\/2025\/11\/19\/jam-beaujolais\/","name":"Jam &amp; Beaujolais - 21 novembre &#8212; Le Caf\u00e9 de l&#039;Espace","isPartOf":{"@id":"https:\/\/cafedelespace.com\/#website"},"primaryImageOfPage":{"@id":"https:\/\/cafedelespace.com\/index.php\/2025\/11\/19\/jam-beaujolais\/#primaryimage"},"image":{"@id":"https:\/\/cafedelespace.com\/index.php\/2025\/11\/19\/jam-beaujolais\/#primaryimage"},"thumbnailUrl":"https:\/\/cafedelespace.com\/wp-content\/uploads\/2025\/11\/jam-et-beaujolais.png","datePublished":"2025-11-19T13:19:51+00:00","dateModified":"2025-11-19T13:20:21+00:00","breadcrumb":{"@id":"https:\/\/cafedelespace.com\/index.php\/2025\/11\/19\/jam-beaujolais\/#breadcrumb"},"inLanguage":"fr-FR","potentialAction":[{"@type":"ReadAction","target":["https:\/\/cafedelespace.com\/index.php\/2025\/11\/19\/jam-beaujolais\/"]}]},{"@type":"ImageObject","inLanguage":"fr-FR","@id":"https:\/\/cafedelespace.com\/index.php\/2025\/11\/19\/jam-beaujolais\/#primaryimage","url":"https:\/\/cafedelespace.com\/wp-content\/uploads\/2025\/11\/jam-et-beaujolais.png","contentUrl":"https:\/\/cafedelespace.com\/wp-content\/uploads\/2025\/11\/jam-et-beaujolais.png","width":1587,"height":2245},{"@type":"BreadcrumbList","@id":"https:\/\/cafedelespace.com\/index.php\/2025\/11\/19\/jam-beaujolais\/#breadcrumb","itemListElement":[{"@type":"ListItem","position":1,"name":"Accueil","item":"https:\/\/cafedelespace.com\/"},{"@type":"ListItem","position":2,"name":"Jam &amp; Beaujolais &#8211; 21 novembre"}]},{"@type":"WebSite","@id":"https:\/\/cafedelespace.com\/#website","url":"https:\/\/cafedelespace.com\/","name":"Le Caf\u00e9 de l Espace - Espace Associatif Alain Fauriaux","description":"Espace Associatif Alain Fauriaux","publisher":{"@id":"https:\/\/cafedelespace.com\/#organization"},"potentialAction":[{"@type":"SearchAction","target":{"@type":"EntryPoint","urlTemplate":"https:\/\/cafedelespace.com\/?s={search_term_string}"},"query-input":{"@type":"PropertyValueSpecification","valueRequired":true,"valueName":"search_term_string"}}],"inLanguage":"fr-FR"},{"@type":"Organization","@id":"https:\/\/cafedelespace.com\/#organization","name":"Caf\u00e9 de l'Espace","url":"https:\/\/cafedelespace.com\/","logo":{"@type":"ImageObject","inLanguage":"fr-FR","@id":"https:\/\/cafedelespace.com\/#\/schema\/logo\/image\/","url":"https:\/\/cafedelespace.com\/wp-content\/uploads\/2020\/04\/logo-peinture.png","contentUrl":"https:\/\/cafedelespace.com\/wp-content\/uploads\/2020\/04\/logo-peinture.png","width":500,"height":500,"caption":"Caf\u00e9 de l'Espace"},"image":{"@id":"https:\/\/cafedelespace.com\/#\/schema\/logo\/image\/"},"sameAs":["https:\/\/www.facebook.com\/Cafe.de.lEspace\/"]},{"@type":"Person","@id":"https:\/\/cafedelespace.com\/#\/schema\/person\/f9fc8028d82260f4b8da6d717881ed0c","name":"animation","image":{"@type":"ImageObject","inLanguage":"fr-FR","@id":"https:\/\/secure.gravatar.com\/avatar\/58751f777ed4b9efaea83cfa49d063a6860235226a02165cc8c73a7675e9eea2?s=96&d=mm&r=g","url":"https:\/\/secure.gravatar.com\/avatar\/58751f777ed4b9efaea83cfa49d063a6860235226a02165cc8c73a7675e9eea2?s=96&d=mm&r=g","contentUrl":"https:\/\/secure.gravatar.com\/avatar\/58751f777ed4b9efaea83cfa49d063a6860235226a02165cc8c73a7675e9eea2?s=96&d=mm&r=g","caption":"animation"}}]}},"_links":{"self":[{"href":"https:\/\/cafedelespace.com\/index.php\/wp-json\/wp\/v2\/posts\/2069","targetHints":{"allow":["GET"]}}],"collection":[{"href":"https:\/\/cafedelespace.com\/index.php\/wp-json\/wp\/v2\/posts"}],"about":[{"href":"https:\/\/cafedelespace.com\/index.php\/wp-json\/wp\/v2\/types\/post"}],"author":[{"embeddable":true,"href":"https:\/\/cafedelespace.com\/index.php\/wp-json\/wp\/v2\/users\/3"}],"replies":[{"embeddable":true,"href":"https:\/\/cafedelespace.com\/index.php\/wp-json\/wp\/v2\/comments?post=2069"}],"version-history":[{"count":2,"href":"https:\/\/cafedelespace.com\/index.php\/wp-json\/wp\/v2\/posts\/2069\/revisions"}],"predecessor-version":[{"id":2072,"href":"https:\/\/cafedelespace.com\/index.php\/wp-json\/wp\/v2\/posts\/2069\/revisions\/2072"}],"wp:featuredmedia":[{"embeddable":true,"href":"https:\/\/cafedelespace.com\/index.php\/wp-json\/wp\/v2\/media\/2070"}],"wp:attachment":[{"href":"https:\/\/cafedelespace.com\/index.php\/wp-json\/wp\/v2\/media?parent=2069"}],"wp:term":[{"taxonomy":"category","embeddable":true,"href":"https:\/\/cafedelespace.com\/index.php\/wp-json\/wp\/v2\/categories?post=2069"},{"taxonomy":"post_tag","embeddable":true,"href":"https:\/\/cafedelespace.com\/index.php\/wp-json\/wp\/v2\/tags?post=2069"}],"curies":[{"name":"wp","href":"https:\/\/api.w.org\/{rel}","templated":true}]}}