{"id":2059,"date":"2025-11-04T17:52:29","date_gmt":"2025-11-04T16:52:29","guid":{"rendered":"https:\/\/cafedelespace.com\/?p=2059"},"modified":"2025-11-04T17:53:31","modified_gmt":"2025-11-04T16:53:31","slug":"passion-coco-14-octobre","status":"publish","type":"post","link":"https:\/\/cafedelespace.com\/index.php\/2025\/11\/04\/passion-coco-14-octobre\/","title":{"rendered":"Passion Coco &#8211; 14 octobre"},"content":{"rendered":"\n<p>Soir\u00e9e cumbia du troisi\u00e8me type au Caf\u00e9 de l&rsquo;Espace : pr\u00e9parez-vous pour embarquer dans un voyage en apesanteur sid\u00e9rale, de la moiteur tropicale jusque dans les \u00e9toiles !<\/p>\n\n\n\n<p>Le quatuor Passion coco allie ses influences et compose une musique in\u00e9dite o\u00f9 les rythmes traditionnels Colombiens et plus largement tropicaux, fusionnent avec des ambiances rock psych\u00e9d\u00e9lique nous rappelant l\u2019univers des western spaghetti, le tout accompagn\u00e9 de douces voix parfum\u00e9es. On ne perd jamais les racines Sud-am\u00e9ricaines avec le cuatro V\u00e9n\u00e9zu\u00e9lien, les percussions et les chants en espagnol, auxquelles viennent s\u2019incorporer, de par la basse et la guitare, des r\u00e9f\u00e9rences diverses emprunt aux musiques actuelles.<\/p>\n\n\n\n<p>Concert \u00e0 20h30, prix libre et conscient, petite restauration sur place<\/p>\n\n\n\n<p><\/p>\n","protected":false},"excerpt":{"rendered":"<p>Soir\u00e9e cumbia du troisi\u00e8me type au Caf\u00e9 de l&rsquo;Espace : pr\u00e9parez-vous pour embarquer dans un voyage en apesanteur sid\u00e9rale, de la moiteur tropicale jusque dans les \u00e9toiles ! Le quatuor Passion coco allie ses influences et compose une musique in\u00e9dite o\u00f9 les rythmes traditionnels Colombiens et plus largement tropicaux, fusionnent avec des ambiances rock psych\u00e9d\u00e9lique &hellip; <\/p>\n","protected":false},"author":3,"featured_media":2060,"comment_status":"closed","ping_status":"closed","sticky":false,"template":"","format":"standard","meta":{"footnotes":""},"categories":[3],"tags":[],"class_list":["post-2059","post","type-post","status-publish","format-standard","has-post-thumbnail","hentry","category-concert","latest_post"],"yoast_head":"<!-- This site is optimized with the Yoast SEO plugin v27.2 - https:\/\/yoast.com\/product\/yoast-seo-wordpress\/ -->\n<title>Passion Coco - 14 octobre &#8212; Le Caf\u00e9 de l&#039;Espace<\/title>\n<meta name=\"robots\" content=\"index, follow, max-snippet:-1, max-image-preview:large, max-video-preview:-1\" \/>\n<link rel=\"canonical\" href=\"https:\/\/cafedelespace.com\/index.php\/2025\/11\/04\/passion-coco-14-octobre\/\" \/>\n<meta property=\"og:locale\" content=\"fr_FR\" \/>\n<meta property=\"og:type\" content=\"article\" \/>\n<meta property=\"og:title\" content=\"Passion Coco - 14 octobre &#8212; Le Caf\u00e9 de l&#039;Espace\" \/>\n<meta property=\"og:description\" content=\"Soir\u00e9e cumbia du troisi\u00e8me type au Caf\u00e9 de l&rsquo;Espace : pr\u00e9parez-vous pour embarquer dans un voyage en apesanteur sid\u00e9rale, de la moiteur tropicale jusque dans les \u00e9toiles ! Le quatuor Passion coco allie ses influences et compose une musique in\u00e9dite o\u00f9 les rythmes traditionnels Colombiens et plus largement tropicaux, fusionnent avec des ambiances rock psych\u00e9d\u00e9lique &hellip;\" \/>\n<meta property=\"og:url\" content=\"https:\/\/cafedelespace.com\/index.php\/2025\/11\/04\/passion-coco-14-octobre\/\" \/>\n<meta property=\"og:site_name\" content=\"Le Caf\u00e9 de l&#039;Espace\" \/>\n<meta property=\"article:publisher\" content=\"https:\/\/www.facebook.com\/Cafe.de.lEspace\/\" \/>\n<meta property=\"article:published_time\" content=\"2025-11-04T16:52:29+00:00\" \/>\n<meta property=\"article:modified_time\" content=\"2025-11-04T16:53:31+00:00\" \/>\n<meta property=\"og:image\" content=\"https:\/\/cafedelespace.com\/wp-content\/uploads\/2025\/11\/passion-coco2-724x1024.png\" \/>\n\t<meta property=\"og:image:width\" content=\"724\" \/>\n\t<meta property=\"og:image:height\" content=\"1024\" \/>\n\t<meta property=\"og:image:type\" content=\"image\/png\" \/>\n<meta name=\"author\" content=\"animation\" \/>\n<meta name=\"twitter:card\" content=\"summary_large_image\" \/>\n<meta name=\"twitter:label1\" content=\"\u00c9crit par\" \/>\n\t<meta name=\"twitter:data1\" content=\"animation\" \/>\n\t<meta name=\"twitter:label2\" content=\"Dur\u00e9e de lecture estim\u00e9e\" \/>\n\t<meta name=\"twitter:data2\" content=\"1 minute\" \/>\n<script type=\"application\/ld+json\" class=\"yoast-schema-graph\">{\"@context\":\"https:\/\/schema.org\",\"@graph\":[{\"@type\":\"Article\",\"@id\":\"https:\/\/cafedelespace.com\/index.php\/2025\/11\/04\/passion-coco-14-octobre\/#article\",\"isPartOf\":{\"@id\":\"https:\/\/cafedelespace.com\/index.php\/2025\/11\/04\/passion-coco-14-octobre\/\"},\"author\":{\"name\":\"animation\",\"@id\":\"https:\/\/cafedelespace.com\/#\/schema\/person\/f9fc8028d82260f4b8da6d717881ed0c\"},\"headline\":\"Passion Coco &#8211; 14 octobre\",\"datePublished\":\"2025-11-04T16:52:29+00:00\",\"dateModified\":\"2025-11-04T16:53:31+00:00\",\"mainEntityOfPage\":{\"@id\":\"https:\/\/cafedelespace.com\/index.php\/2025\/11\/04\/passion-coco-14-octobre\/\"},\"wordCount\":131,\"publisher\":{\"@id\":\"https:\/\/cafedelespace.com\/#organization\"},\"image\":{\"@id\":\"https:\/\/cafedelespace.com\/index.php\/2025\/11\/04\/passion-coco-14-octobre\/#primaryimage\"},\"thumbnailUrl\":\"https:\/\/cafedelespace.com\/wp-content\/uploads\/2025\/11\/passion-coco2.png\",\"articleSection\":[\"Concert\"],\"inLanguage\":\"fr-FR\"},{\"@type\":\"WebPage\",\"@id\":\"https:\/\/cafedelespace.com\/index.php\/2025\/11\/04\/passion-coco-14-octobre\/\",\"url\":\"https:\/\/cafedelespace.com\/index.php\/2025\/11\/04\/passion-coco-14-octobre\/\",\"name\":\"Passion Coco - 14 octobre &#8212; Le Caf\u00e9 de l&#039;Espace\",\"isPartOf\":{\"@id\":\"https:\/\/cafedelespace.com\/#website\"},\"primaryImageOfPage\":{\"@id\":\"https:\/\/cafedelespace.com\/index.php\/2025\/11\/04\/passion-coco-14-octobre\/#primaryimage\"},\"image\":{\"@id\":\"https:\/\/cafedelespace.com\/index.php\/2025\/11\/04\/passion-coco-14-octobre\/#primaryimage\"},\"thumbnailUrl\":\"https:\/\/cafedelespace.com\/wp-content\/uploads\/2025\/11\/passion-coco2.png\",\"datePublished\":\"2025-11-04T16:52:29+00:00\",\"dateModified\":\"2025-11-04T16:53:31+00:00\",\"breadcrumb\":{\"@id\":\"https:\/\/cafedelespace.com\/index.php\/2025\/11\/04\/passion-coco-14-octobre\/#breadcrumb\"},\"inLanguage\":\"fr-FR\",\"potentialAction\":[{\"@type\":\"ReadAction\",\"target\":[\"https:\/\/cafedelespace.com\/index.php\/2025\/11\/04\/passion-coco-14-octobre\/\"]}]},{\"@type\":\"ImageObject\",\"inLanguage\":\"fr-FR\",\"@id\":\"https:\/\/cafedelespace.com\/index.php\/2025\/11\/04\/passion-coco-14-octobre\/#primaryimage\",\"url\":\"https:\/\/cafedelespace.com\/wp-content\/uploads\/2025\/11\/passion-coco2.png\",\"contentUrl\":\"https:\/\/cafedelespace.com\/wp-content\/uploads\/2025\/11\/passion-coco2.png\",\"width\":1587,\"height\":2245},{\"@type\":\"BreadcrumbList\",\"@id\":\"https:\/\/cafedelespace.com\/index.php\/2025\/11\/04\/passion-coco-14-octobre\/#breadcrumb\",\"itemListElement\":[{\"@type\":\"ListItem\",\"position\":1,\"name\":\"Accueil\",\"item\":\"https:\/\/cafedelespace.com\/\"},{\"@type\":\"ListItem\",\"position\":2,\"name\":\"Passion Coco &#8211; 14 octobre\"}]},{\"@type\":\"WebSite\",\"@id\":\"https:\/\/cafedelespace.com\/#website\",\"url\":\"https:\/\/cafedelespace.com\/\",\"name\":\"Le Caf\u00e9 de l Espace - Espace Associatif Alain Fauriaux\",\"description\":\"Espace Associatif Alain Fauriaux\",\"publisher\":{\"@id\":\"https:\/\/cafedelespace.com\/#organization\"},\"potentialAction\":[{\"@type\":\"SearchAction\",\"target\":{\"@type\":\"EntryPoint\",\"urlTemplate\":\"https:\/\/cafedelespace.com\/?s={search_term_string}\"},\"query-input\":{\"@type\":\"PropertyValueSpecification\",\"valueRequired\":true,\"valueName\":\"search_term_string\"}}],\"inLanguage\":\"fr-FR\"},{\"@type\":\"Organization\",\"@id\":\"https:\/\/cafedelespace.com\/#organization\",\"name\":\"Caf\u00e9 de l'Espace\",\"url\":\"https:\/\/cafedelespace.com\/\",\"logo\":{\"@type\":\"ImageObject\",\"inLanguage\":\"fr-FR\",\"@id\":\"https:\/\/cafedelespace.com\/#\/schema\/logo\/image\/\",\"url\":\"https:\/\/cafedelespace.com\/wp-content\/uploads\/2020\/04\/logo-peinture.png\",\"contentUrl\":\"https:\/\/cafedelespace.com\/wp-content\/uploads\/2020\/04\/logo-peinture.png\",\"width\":500,\"height\":500,\"caption\":\"Caf\u00e9 de l'Espace\"},\"image\":{\"@id\":\"https:\/\/cafedelespace.com\/#\/schema\/logo\/image\/\"},\"sameAs\":[\"https:\/\/www.facebook.com\/Cafe.de.lEspace\/\"]},{\"@type\":\"Person\",\"@id\":\"https:\/\/cafedelespace.com\/#\/schema\/person\/f9fc8028d82260f4b8da6d717881ed0c\",\"name\":\"animation\",\"image\":{\"@type\":\"ImageObject\",\"inLanguage\":\"fr-FR\",\"@id\":\"https:\/\/secure.gravatar.com\/avatar\/58751f777ed4b9efaea83cfa49d063a6860235226a02165cc8c73a7675e9eea2?s=96&d=mm&r=g\",\"url\":\"https:\/\/secure.gravatar.com\/avatar\/58751f777ed4b9efaea83cfa49d063a6860235226a02165cc8c73a7675e9eea2?s=96&d=mm&r=g\",\"contentUrl\":\"https:\/\/secure.gravatar.com\/avatar\/58751f777ed4b9efaea83cfa49d063a6860235226a02165cc8c73a7675e9eea2?s=96&d=mm&r=g\",\"caption\":\"animation\"}}]}<\/script>\n<!-- \/ Yoast SEO plugin. -->","yoast_head_json":{"title":"Passion Coco - 14 octobre &#8212; Le Caf\u00e9 de l&#039;Espace","robots":{"index":"index","follow":"follow","max-snippet":"max-snippet:-1","max-image-preview":"max-image-preview:large","max-video-preview":"max-video-preview:-1"},"canonical":"https:\/\/cafedelespace.com\/index.php\/2025\/11\/04\/passion-coco-14-octobre\/","og_locale":"fr_FR","og_type":"article","og_title":"Passion Coco - 14 octobre &#8212; Le Caf\u00e9 de l&#039;Espace","og_description":"Soir\u00e9e cumbia du troisi\u00e8me type au Caf\u00e9 de l&rsquo;Espace : pr\u00e9parez-vous pour embarquer dans un voyage en apesanteur sid\u00e9rale, de la moiteur tropicale jusque dans les \u00e9toiles ! Le quatuor Passion coco allie ses influences et compose une musique in\u00e9dite o\u00f9 les rythmes traditionnels Colombiens et plus largement tropicaux, fusionnent avec des ambiances rock psych\u00e9d\u00e9lique &hellip;","og_url":"https:\/\/cafedelespace.com\/index.php\/2025\/11\/04\/passion-coco-14-octobre\/","og_site_name":"Le Caf\u00e9 de l&#039;Espace","article_publisher":"https:\/\/www.facebook.com\/Cafe.de.lEspace\/","article_published_time":"2025-11-04T16:52:29+00:00","article_modified_time":"2025-11-04T16:53:31+00:00","og_image":[{"width":724,"height":1024,"url":"https:\/\/cafedelespace.com\/wp-content\/uploads\/2025\/11\/passion-coco2-724x1024.png","type":"image\/png"}],"author":"animation","twitter_card":"summary_large_image","twitter_misc":{"\u00c9crit par":"animation","Dur\u00e9e de lecture estim\u00e9e":"1 minute"},"schema":{"@context":"https:\/\/schema.org","@graph":[{"@type":"Article","@id":"https:\/\/cafedelespace.com\/index.php\/2025\/11\/04\/passion-coco-14-octobre\/#article","isPartOf":{"@id":"https:\/\/cafedelespace.com\/index.php\/2025\/11\/04\/passion-coco-14-octobre\/"},"author":{"name":"animation","@id":"https:\/\/cafedelespace.com\/#\/schema\/person\/f9fc8028d82260f4b8da6d717881ed0c"},"headline":"Passion Coco &#8211; 14 octobre","datePublished":"2025-11-04T16:52:29+00:00","dateModified":"2025-11-04T16:53:31+00:00","mainEntityOfPage":{"@id":"https:\/\/cafedelespace.com\/index.php\/2025\/11\/04\/passion-coco-14-octobre\/"},"wordCount":131,"publisher":{"@id":"https:\/\/cafedelespace.com\/#organization"},"image":{"@id":"https:\/\/cafedelespace.com\/index.php\/2025\/11\/04\/passion-coco-14-octobre\/#primaryimage"},"thumbnailUrl":"https:\/\/cafedelespace.com\/wp-content\/uploads\/2025\/11\/passion-coco2.png","articleSection":["Concert"],"inLanguage":"fr-FR"},{"@type":"WebPage","@id":"https:\/\/cafedelespace.com\/index.php\/2025\/11\/04\/passion-coco-14-octobre\/","url":"https:\/\/cafedelespace.com\/index.php\/2025\/11\/04\/passion-coco-14-octobre\/","name":"Passion Coco - 14 octobre &#8212; Le Caf\u00e9 de l&#039;Espace","isPartOf":{"@id":"https:\/\/cafedelespace.com\/#website"},"primaryImageOfPage":{"@id":"https:\/\/cafedelespace.com\/index.php\/2025\/11\/04\/passion-coco-14-octobre\/#primaryimage"},"image":{"@id":"https:\/\/cafedelespace.com\/index.php\/2025\/11\/04\/passion-coco-14-octobre\/#primaryimage"},"thumbnailUrl":"https:\/\/cafedelespace.com\/wp-content\/uploads\/2025\/11\/passion-coco2.png","datePublished":"2025-11-04T16:52:29+00:00","dateModified":"2025-11-04T16:53:31+00:00","breadcrumb":{"@id":"https:\/\/cafedelespace.com\/index.php\/2025\/11\/04\/passion-coco-14-octobre\/#breadcrumb"},"inLanguage":"fr-FR","potentialAction":[{"@type":"ReadAction","target":["https:\/\/cafedelespace.com\/index.php\/2025\/11\/04\/passion-coco-14-octobre\/"]}]},{"@type":"ImageObject","inLanguage":"fr-FR","@id":"https:\/\/cafedelespace.com\/index.php\/2025\/11\/04\/passion-coco-14-octobre\/#primaryimage","url":"https:\/\/cafedelespace.com\/wp-content\/uploads\/2025\/11\/passion-coco2.png","contentUrl":"https:\/\/cafedelespace.com\/wp-content\/uploads\/2025\/11\/passion-coco2.png","width":1587,"height":2245},{"@type":"BreadcrumbList","@id":"https:\/\/cafedelespace.com\/index.php\/2025\/11\/04\/passion-coco-14-octobre\/#breadcrumb","itemListElement":[{"@type":"ListItem","position":1,"name":"Accueil","item":"https:\/\/cafedelespace.com\/"},{"@type":"ListItem","position":2,"name":"Passion Coco &#8211; 14 octobre"}]},{"@type":"WebSite","@id":"https:\/\/cafedelespace.com\/#website","url":"https:\/\/cafedelespace.com\/","name":"Le Caf\u00e9 de l Espace - Espace Associatif Alain Fauriaux","description":"Espace Associatif Alain Fauriaux","publisher":{"@id":"https:\/\/cafedelespace.com\/#organization"},"potentialAction":[{"@type":"SearchAction","target":{"@type":"EntryPoint","urlTemplate":"https:\/\/cafedelespace.com\/?s={search_term_string}"},"query-input":{"@type":"PropertyValueSpecification","valueRequired":true,"valueName":"search_term_string"}}],"inLanguage":"fr-FR"},{"@type":"Organization","@id":"https:\/\/cafedelespace.com\/#organization","name":"Caf\u00e9 de l'Espace","url":"https:\/\/cafedelespace.com\/","logo":{"@type":"ImageObject","inLanguage":"fr-FR","@id":"https:\/\/cafedelespace.com\/#\/schema\/logo\/image\/","url":"https:\/\/cafedelespace.com\/wp-content\/uploads\/2020\/04\/logo-peinture.png","contentUrl":"https:\/\/cafedelespace.com\/wp-content\/uploads\/2020\/04\/logo-peinture.png","width":500,"height":500,"caption":"Caf\u00e9 de l'Espace"},"image":{"@id":"https:\/\/cafedelespace.com\/#\/schema\/logo\/image\/"},"sameAs":["https:\/\/www.facebook.com\/Cafe.de.lEspace\/"]},{"@type":"Person","@id":"https:\/\/cafedelespace.com\/#\/schema\/person\/f9fc8028d82260f4b8da6d717881ed0c","name":"animation","image":{"@type":"ImageObject","inLanguage":"fr-FR","@id":"https:\/\/secure.gravatar.com\/avatar\/58751f777ed4b9efaea83cfa49d063a6860235226a02165cc8c73a7675e9eea2?s=96&d=mm&r=g","url":"https:\/\/secure.gravatar.com\/avatar\/58751f777ed4b9efaea83cfa49d063a6860235226a02165cc8c73a7675e9eea2?s=96&d=mm&r=g","contentUrl":"https:\/\/secure.gravatar.com\/avatar\/58751f777ed4b9efaea83cfa49d063a6860235226a02165cc8c73a7675e9eea2?s=96&d=mm&r=g","caption":"animation"}}]}},"_links":{"self":[{"href":"https:\/\/cafedelespace.com\/index.php\/wp-json\/wp\/v2\/posts\/2059","targetHints":{"allow":["GET"]}}],"collection":[{"href":"https:\/\/cafedelespace.com\/index.php\/wp-json\/wp\/v2\/posts"}],"about":[{"href":"https:\/\/cafedelespace.com\/index.php\/wp-json\/wp\/v2\/types\/post"}],"author":[{"embeddable":true,"href":"https:\/\/cafedelespace.com\/index.php\/wp-json\/wp\/v2\/users\/3"}],"replies":[{"embeddable":true,"href":"https:\/\/cafedelespace.com\/index.php\/wp-json\/wp\/v2\/comments?post=2059"}],"version-history":[{"count":2,"href":"https:\/\/cafedelespace.com\/index.php\/wp-json\/wp\/v2\/posts\/2059\/revisions"}],"predecessor-version":[{"id":2063,"href":"https:\/\/cafedelespace.com\/index.php\/wp-json\/wp\/v2\/posts\/2059\/revisions\/2063"}],"wp:featuredmedia":[{"embeddable":true,"href":"https:\/\/cafedelespace.com\/index.php\/wp-json\/wp\/v2\/media\/2060"}],"wp:attachment":[{"href":"https:\/\/cafedelespace.com\/index.php\/wp-json\/wp\/v2\/media?parent=2059"}],"wp:term":[{"taxonomy":"category","embeddable":true,"href":"https:\/\/cafedelespace.com\/index.php\/wp-json\/wp\/v2\/categories?post=2059"},{"taxonomy":"post_tag","embeddable":true,"href":"https:\/\/cafedelespace.com\/index.php\/wp-json\/wp\/v2\/tags?post=2059"}],"curies":[{"name":"wp","href":"https:\/\/api.w.org\/{rel}","templated":true}]}}