{"id":2038,"date":"2025-10-08T12:51:09","date_gmt":"2025-10-08T10:51:09","guid":{"rendered":"https:\/\/cafedelespace.com\/?p=2038"},"modified":"2025-10-08T12:51:09","modified_gmt":"2025-10-08T10:51:09","slug":"lea-et-la-boite-a-colere-15-octobre","status":"publish","type":"post","link":"https:\/\/cafedelespace.com\/index.php\/2025\/10\/08\/lea-et-la-boite-a-colere-15-octobre\/","title":{"rendered":"L\u00e9a et la bo\u00eete \u00e0 col\u00e8re &#8211; 15 octobre"},"content":{"rendered":"\n<p>Spectacle jeune public \u00e0 partir de 4 ans<\/p>\n\n\n\n<p><strong>L\u00e9a et la bo\u00eete \u00e0 col\u00e8re est un conte musical illustr\u00e9 destin\u00e9 aux 4-7 ans. Un univers tropical, color\u00e9 et original, cr\u00e9\u00e9 et compos\u00e9 par Blandine Peis, Matthieu Bohers et Mathilde Amy Roussel.<\/strong><\/p>\n\n\n\n<p>L\u00e9a vivait avec ses parents et son chien Pipo dans une maison au beau milieu d\u2019une for\u00eat tropicale. L\u00e9a \u00e9tait une petite fille de 5 ans qui aimait jouer dehors et s\u2019amuser toute la journ\u00e9e. Mais L\u00e9a avait un probl\u00e8me, elle \u00e9tait toujours \u00e9nerv\u00e9e!<br>Un jour, sa maman lui apporta une dr\u00f4le de bo\u00eete afin que L\u00e9a puisse y d\u00e9poser sa col\u00e8re. C\u2019est \u00e0 travers plusieurs rencontres que L\u00e9a va capturer diff\u00e9rentes \u00e9motions dans cette bo\u00eete et c\u2019est ensemble que nous allons apprendre \u00e0 les lib\u00e9rer.<\/p>\n\n\n\n<p>Sur sc\u00e8ne, une conteuse, un musicien, des illustrations projet\u00e9e et comme \u00e9l\u00e9ment central, une bo\u00eete \u00e0 col\u00e8re. Peu \u00e0 peu, la bo\u00eete va prendre vie et capturer les \u00e9motions en chanson.<br>Une bo\u00eete symbolique qui va accompagner l\u2019enfant tout au long du r\u00e9cit et l\u2019aider \u00e0 comprendre, capturer et, en point d\u2019orgue, lib\u00e9rer ses sentiments.<br>Au travers des rencontres que L\u00e9a va faire lors de son aventure, nous d\u00e9couvrirons plusieurs personnages incarnant une \u00e9motion bien distincte (la col\u00e8re, la tristesse, la peur, la jalousie).<br>A la fin du spectacle, chaque enfant repartira avec une carte personnage repr\u00e9sentant une \u00e9motion de son choix.<\/p>\n\n\n\n<p>Prix libre, information et r\u00e9servation au 05 55 67 51 38 ou par mail : animation.eaaf@gmail.com<\/p>\n","protected":false},"excerpt":{"rendered":"<p>Spectacle jeune public \u00e0 partir de 4 ans L\u00e9a et la bo\u00eete \u00e0 col\u00e8re est un conte musical illustr\u00e9 destin\u00e9 aux 4-7 ans. Un univers tropical, color\u00e9 et original, cr\u00e9\u00e9 et compos\u00e9 par Blandine Peis, Matthieu Bohers et Mathilde Amy Roussel. L\u00e9a vivait avec ses parents et son chien Pipo dans une maison au beau &hellip; <\/p>\n","protected":false},"author":3,"featured_media":2040,"comment_status":"closed","ping_status":"closed","sticky":false,"template":"","format":"standard","meta":{"footnotes":""},"categories":[7],"tags":[],"class_list":["post-2038","post","type-post","status-publish","format-standard","has-post-thumbnail","hentry","category-animation","latest_post"],"yoast_head":"<!-- This site is optimized with the Yoast SEO plugin v27.2 - https:\/\/yoast.com\/product\/yoast-seo-wordpress\/ -->\n<title>L\u00e9a et la bo\u00eete \u00e0 col\u00e8re - 15 octobre &#8212; Le Caf\u00e9 de l&#039;Espace<\/title>\n<meta name=\"robots\" content=\"index, follow, max-snippet:-1, max-image-preview:large, max-video-preview:-1\" \/>\n<link rel=\"canonical\" href=\"https:\/\/cafedelespace.com\/index.php\/2025\/10\/08\/lea-et-la-boite-a-colere-15-octobre\/\" \/>\n<meta property=\"og:locale\" content=\"fr_FR\" \/>\n<meta property=\"og:type\" content=\"article\" \/>\n<meta property=\"og:title\" content=\"L\u00e9a et la bo\u00eete \u00e0 col\u00e8re - 15 octobre &#8212; Le Caf\u00e9 de l&#039;Espace\" \/>\n<meta property=\"og:description\" content=\"Spectacle jeune public \u00e0 partir de 4 ans L\u00e9a et la bo\u00eete \u00e0 col\u00e8re est un conte musical illustr\u00e9 destin\u00e9 aux 4-7 ans. Un univers tropical, color\u00e9 et original, cr\u00e9\u00e9 et compos\u00e9 par Blandine Peis, Matthieu Bohers et Mathilde Amy Roussel. L\u00e9a vivait avec ses parents et son chien Pipo dans une maison au beau &hellip;\" \/>\n<meta property=\"og:url\" content=\"https:\/\/cafedelespace.com\/index.php\/2025\/10\/08\/lea-et-la-boite-a-colere-15-octobre\/\" \/>\n<meta property=\"og:site_name\" content=\"Le Caf\u00e9 de l&#039;Espace\" \/>\n<meta property=\"article:publisher\" content=\"https:\/\/www.facebook.com\/Cafe.de.lEspace\/\" \/>\n<meta property=\"article:published_time\" content=\"2025-10-08T10:51:09+00:00\" \/>\n<meta property=\"og:image\" content=\"https:\/\/cafedelespace.com\/wp-content\/uploads\/2025\/10\/lea-et-la-boite-a-colere1.png\" \/>\n\t<meta property=\"og:image:width\" content=\"1414\" \/>\n\t<meta property=\"og:image:height\" content=\"2000\" \/>\n\t<meta property=\"og:image:type\" content=\"image\/png\" \/>\n<meta name=\"author\" content=\"animation\" \/>\n<meta name=\"twitter:card\" content=\"summary_large_image\" \/>\n<meta name=\"twitter:label1\" content=\"\u00c9crit par\" \/>\n\t<meta name=\"twitter:data1\" content=\"animation\" \/>\n\t<meta name=\"twitter:label2\" content=\"Dur\u00e9e de lecture estim\u00e9e\" \/>\n\t<meta name=\"twitter:data2\" content=\"1 minute\" \/>\n<script type=\"application\/ld+json\" class=\"yoast-schema-graph\">{\"@context\":\"https:\/\/schema.org\",\"@graph\":[{\"@type\":\"Article\",\"@id\":\"https:\/\/cafedelespace.com\/index.php\/2025\/10\/08\/lea-et-la-boite-a-colere-15-octobre\/#article\",\"isPartOf\":{\"@id\":\"https:\/\/cafedelespace.com\/index.php\/2025\/10\/08\/lea-et-la-boite-a-colere-15-octobre\/\"},\"author\":{\"name\":\"animation\",\"@id\":\"https:\/\/cafedelespace.com\/#\/schema\/person\/f9fc8028d82260f4b8da6d717881ed0c\"},\"headline\":\"L\u00e9a et la bo\u00eete \u00e0 col\u00e8re &#8211; 15 octobre\",\"datePublished\":\"2025-10-08T10:51:09+00:00\",\"mainEntityOfPage\":{\"@id\":\"https:\/\/cafedelespace.com\/index.php\/2025\/10\/08\/lea-et-la-boite-a-colere-15-octobre\/\"},\"wordCount\":283,\"publisher\":{\"@id\":\"https:\/\/cafedelespace.com\/#organization\"},\"image\":{\"@id\":\"https:\/\/cafedelespace.com\/index.php\/2025\/10\/08\/lea-et-la-boite-a-colere-15-octobre\/#primaryimage\"},\"thumbnailUrl\":\"https:\/\/cafedelespace.com\/wp-content\/uploads\/2025\/10\/lea-et-la-boite-a-colere1.png\",\"articleSection\":[\"Animation\"],\"inLanguage\":\"fr-FR\"},{\"@type\":\"WebPage\",\"@id\":\"https:\/\/cafedelespace.com\/index.php\/2025\/10\/08\/lea-et-la-boite-a-colere-15-octobre\/\",\"url\":\"https:\/\/cafedelespace.com\/index.php\/2025\/10\/08\/lea-et-la-boite-a-colere-15-octobre\/\",\"name\":\"L\u00e9a et la bo\u00eete \u00e0 col\u00e8re - 15 octobre &#8212; Le Caf\u00e9 de l&#039;Espace\",\"isPartOf\":{\"@id\":\"https:\/\/cafedelespace.com\/#website\"},\"primaryImageOfPage\":{\"@id\":\"https:\/\/cafedelespace.com\/index.php\/2025\/10\/08\/lea-et-la-boite-a-colere-15-octobre\/#primaryimage\"},\"image\":{\"@id\":\"https:\/\/cafedelespace.com\/index.php\/2025\/10\/08\/lea-et-la-boite-a-colere-15-octobre\/#primaryimage\"},\"thumbnailUrl\":\"https:\/\/cafedelespace.com\/wp-content\/uploads\/2025\/10\/lea-et-la-boite-a-colere1.png\",\"datePublished\":\"2025-10-08T10:51:09+00:00\",\"breadcrumb\":{\"@id\":\"https:\/\/cafedelespace.com\/index.php\/2025\/10\/08\/lea-et-la-boite-a-colere-15-octobre\/#breadcrumb\"},\"inLanguage\":\"fr-FR\",\"potentialAction\":[{\"@type\":\"ReadAction\",\"target\":[\"https:\/\/cafedelespace.com\/index.php\/2025\/10\/08\/lea-et-la-boite-a-colere-15-octobre\/\"]}]},{\"@type\":\"ImageObject\",\"inLanguage\":\"fr-FR\",\"@id\":\"https:\/\/cafedelespace.com\/index.php\/2025\/10\/08\/lea-et-la-boite-a-colere-15-octobre\/#primaryimage\",\"url\":\"https:\/\/cafedelespace.com\/wp-content\/uploads\/2025\/10\/lea-et-la-boite-a-colere1.png\",\"contentUrl\":\"https:\/\/cafedelespace.com\/wp-content\/uploads\/2025\/10\/lea-et-la-boite-a-colere1.png\",\"width\":1414,\"height\":2000},{\"@type\":\"BreadcrumbList\",\"@id\":\"https:\/\/cafedelespace.com\/index.php\/2025\/10\/08\/lea-et-la-boite-a-colere-15-octobre\/#breadcrumb\",\"itemListElement\":[{\"@type\":\"ListItem\",\"position\":1,\"name\":\"Accueil\",\"item\":\"https:\/\/cafedelespace.com\/\"},{\"@type\":\"ListItem\",\"position\":2,\"name\":\"L\u00e9a et la bo\u00eete \u00e0 col\u00e8re &#8211; 15 octobre\"}]},{\"@type\":\"WebSite\",\"@id\":\"https:\/\/cafedelespace.com\/#website\",\"url\":\"https:\/\/cafedelespace.com\/\",\"name\":\"Le Caf\u00e9 de l Espace - Espace Associatif Alain Fauriaux\",\"description\":\"Espace Associatif Alain Fauriaux\",\"publisher\":{\"@id\":\"https:\/\/cafedelespace.com\/#organization\"},\"potentialAction\":[{\"@type\":\"SearchAction\",\"target\":{\"@type\":\"EntryPoint\",\"urlTemplate\":\"https:\/\/cafedelespace.com\/?s={search_term_string}\"},\"query-input\":{\"@type\":\"PropertyValueSpecification\",\"valueRequired\":true,\"valueName\":\"search_term_string\"}}],\"inLanguage\":\"fr-FR\"},{\"@type\":\"Organization\",\"@id\":\"https:\/\/cafedelespace.com\/#organization\",\"name\":\"Caf\u00e9 de l'Espace\",\"url\":\"https:\/\/cafedelespace.com\/\",\"logo\":{\"@type\":\"ImageObject\",\"inLanguage\":\"fr-FR\",\"@id\":\"https:\/\/cafedelespace.com\/#\/schema\/logo\/image\/\",\"url\":\"https:\/\/cafedelespace.com\/wp-content\/uploads\/2020\/04\/logo-peinture.png\",\"contentUrl\":\"https:\/\/cafedelespace.com\/wp-content\/uploads\/2020\/04\/logo-peinture.png\",\"width\":500,\"height\":500,\"caption\":\"Caf\u00e9 de l'Espace\"},\"image\":{\"@id\":\"https:\/\/cafedelespace.com\/#\/schema\/logo\/image\/\"},\"sameAs\":[\"https:\/\/www.facebook.com\/Cafe.de.lEspace\/\"]},{\"@type\":\"Person\",\"@id\":\"https:\/\/cafedelespace.com\/#\/schema\/person\/f9fc8028d82260f4b8da6d717881ed0c\",\"name\":\"animation\",\"image\":{\"@type\":\"ImageObject\",\"inLanguage\":\"fr-FR\",\"@id\":\"https:\/\/secure.gravatar.com\/avatar\/58751f777ed4b9efaea83cfa49d063a6860235226a02165cc8c73a7675e9eea2?s=96&d=mm&r=g\",\"url\":\"https:\/\/secure.gravatar.com\/avatar\/58751f777ed4b9efaea83cfa49d063a6860235226a02165cc8c73a7675e9eea2?s=96&d=mm&r=g\",\"contentUrl\":\"https:\/\/secure.gravatar.com\/avatar\/58751f777ed4b9efaea83cfa49d063a6860235226a02165cc8c73a7675e9eea2?s=96&d=mm&r=g\",\"caption\":\"animation\"}}]}<\/script>\n<!-- \/ Yoast SEO plugin. -->","yoast_head_json":{"title":"L\u00e9a et la bo\u00eete \u00e0 col\u00e8re - 15 octobre &#8212; Le Caf\u00e9 de l&#039;Espace","robots":{"index":"index","follow":"follow","max-snippet":"max-snippet:-1","max-image-preview":"max-image-preview:large","max-video-preview":"max-video-preview:-1"},"canonical":"https:\/\/cafedelespace.com\/index.php\/2025\/10\/08\/lea-et-la-boite-a-colere-15-octobre\/","og_locale":"fr_FR","og_type":"article","og_title":"L\u00e9a et la bo\u00eete \u00e0 col\u00e8re - 15 octobre &#8212; Le Caf\u00e9 de l&#039;Espace","og_description":"Spectacle jeune public \u00e0 partir de 4 ans L\u00e9a et la bo\u00eete \u00e0 col\u00e8re est un conte musical illustr\u00e9 destin\u00e9 aux 4-7 ans. Un univers tropical, color\u00e9 et original, cr\u00e9\u00e9 et compos\u00e9 par Blandine Peis, Matthieu Bohers et Mathilde Amy Roussel. L\u00e9a vivait avec ses parents et son chien Pipo dans une maison au beau &hellip;","og_url":"https:\/\/cafedelespace.com\/index.php\/2025\/10\/08\/lea-et-la-boite-a-colere-15-octobre\/","og_site_name":"Le Caf\u00e9 de l&#039;Espace","article_publisher":"https:\/\/www.facebook.com\/Cafe.de.lEspace\/","article_published_time":"2025-10-08T10:51:09+00:00","og_image":[{"width":1414,"height":2000,"url":"https:\/\/cafedelespace.com\/wp-content\/uploads\/2025\/10\/lea-et-la-boite-a-colere1.png","type":"image\/png"}],"author":"animation","twitter_card":"summary_large_image","twitter_misc":{"\u00c9crit par":"animation","Dur\u00e9e de lecture estim\u00e9e":"1 minute"},"schema":{"@context":"https:\/\/schema.org","@graph":[{"@type":"Article","@id":"https:\/\/cafedelespace.com\/index.php\/2025\/10\/08\/lea-et-la-boite-a-colere-15-octobre\/#article","isPartOf":{"@id":"https:\/\/cafedelespace.com\/index.php\/2025\/10\/08\/lea-et-la-boite-a-colere-15-octobre\/"},"author":{"name":"animation","@id":"https:\/\/cafedelespace.com\/#\/schema\/person\/f9fc8028d82260f4b8da6d717881ed0c"},"headline":"L\u00e9a et la bo\u00eete \u00e0 col\u00e8re &#8211; 15 octobre","datePublished":"2025-10-08T10:51:09+00:00","mainEntityOfPage":{"@id":"https:\/\/cafedelespace.com\/index.php\/2025\/10\/08\/lea-et-la-boite-a-colere-15-octobre\/"},"wordCount":283,"publisher":{"@id":"https:\/\/cafedelespace.com\/#organization"},"image":{"@id":"https:\/\/cafedelespace.com\/index.php\/2025\/10\/08\/lea-et-la-boite-a-colere-15-octobre\/#primaryimage"},"thumbnailUrl":"https:\/\/cafedelespace.com\/wp-content\/uploads\/2025\/10\/lea-et-la-boite-a-colere1.png","articleSection":["Animation"],"inLanguage":"fr-FR"},{"@type":"WebPage","@id":"https:\/\/cafedelespace.com\/index.php\/2025\/10\/08\/lea-et-la-boite-a-colere-15-octobre\/","url":"https:\/\/cafedelespace.com\/index.php\/2025\/10\/08\/lea-et-la-boite-a-colere-15-octobre\/","name":"L\u00e9a et la bo\u00eete \u00e0 col\u00e8re - 15 octobre &#8212; Le Caf\u00e9 de l&#039;Espace","isPartOf":{"@id":"https:\/\/cafedelespace.com\/#website"},"primaryImageOfPage":{"@id":"https:\/\/cafedelespace.com\/index.php\/2025\/10\/08\/lea-et-la-boite-a-colere-15-octobre\/#primaryimage"},"image":{"@id":"https:\/\/cafedelespace.com\/index.php\/2025\/10\/08\/lea-et-la-boite-a-colere-15-octobre\/#primaryimage"},"thumbnailUrl":"https:\/\/cafedelespace.com\/wp-content\/uploads\/2025\/10\/lea-et-la-boite-a-colere1.png","datePublished":"2025-10-08T10:51:09+00:00","breadcrumb":{"@id":"https:\/\/cafedelespace.com\/index.php\/2025\/10\/08\/lea-et-la-boite-a-colere-15-octobre\/#breadcrumb"},"inLanguage":"fr-FR","potentialAction":[{"@type":"ReadAction","target":["https:\/\/cafedelespace.com\/index.php\/2025\/10\/08\/lea-et-la-boite-a-colere-15-octobre\/"]}]},{"@type":"ImageObject","inLanguage":"fr-FR","@id":"https:\/\/cafedelespace.com\/index.php\/2025\/10\/08\/lea-et-la-boite-a-colere-15-octobre\/#primaryimage","url":"https:\/\/cafedelespace.com\/wp-content\/uploads\/2025\/10\/lea-et-la-boite-a-colere1.png","contentUrl":"https:\/\/cafedelespace.com\/wp-content\/uploads\/2025\/10\/lea-et-la-boite-a-colere1.png","width":1414,"height":2000},{"@type":"BreadcrumbList","@id":"https:\/\/cafedelespace.com\/index.php\/2025\/10\/08\/lea-et-la-boite-a-colere-15-octobre\/#breadcrumb","itemListElement":[{"@type":"ListItem","position":1,"name":"Accueil","item":"https:\/\/cafedelespace.com\/"},{"@type":"ListItem","position":2,"name":"L\u00e9a et la bo\u00eete \u00e0 col\u00e8re &#8211; 15 octobre"}]},{"@type":"WebSite","@id":"https:\/\/cafedelespace.com\/#website","url":"https:\/\/cafedelespace.com\/","name":"Le Caf\u00e9 de l Espace - Espace Associatif Alain Fauriaux","description":"Espace Associatif Alain Fauriaux","publisher":{"@id":"https:\/\/cafedelespace.com\/#organization"},"potentialAction":[{"@type":"SearchAction","target":{"@type":"EntryPoint","urlTemplate":"https:\/\/cafedelespace.com\/?s={search_term_string}"},"query-input":{"@type":"PropertyValueSpecification","valueRequired":true,"valueName":"search_term_string"}}],"inLanguage":"fr-FR"},{"@type":"Organization","@id":"https:\/\/cafedelespace.com\/#organization","name":"Caf\u00e9 de l'Espace","url":"https:\/\/cafedelespace.com\/","logo":{"@type":"ImageObject","inLanguage":"fr-FR","@id":"https:\/\/cafedelespace.com\/#\/schema\/logo\/image\/","url":"https:\/\/cafedelespace.com\/wp-content\/uploads\/2020\/04\/logo-peinture.png","contentUrl":"https:\/\/cafedelespace.com\/wp-content\/uploads\/2020\/04\/logo-peinture.png","width":500,"height":500,"caption":"Caf\u00e9 de l'Espace"},"image":{"@id":"https:\/\/cafedelespace.com\/#\/schema\/logo\/image\/"},"sameAs":["https:\/\/www.facebook.com\/Cafe.de.lEspace\/"]},{"@type":"Person","@id":"https:\/\/cafedelespace.com\/#\/schema\/person\/f9fc8028d82260f4b8da6d717881ed0c","name":"animation","image":{"@type":"ImageObject","inLanguage":"fr-FR","@id":"https:\/\/secure.gravatar.com\/avatar\/58751f777ed4b9efaea83cfa49d063a6860235226a02165cc8c73a7675e9eea2?s=96&d=mm&r=g","url":"https:\/\/secure.gravatar.com\/avatar\/58751f777ed4b9efaea83cfa49d063a6860235226a02165cc8c73a7675e9eea2?s=96&d=mm&r=g","contentUrl":"https:\/\/secure.gravatar.com\/avatar\/58751f777ed4b9efaea83cfa49d063a6860235226a02165cc8c73a7675e9eea2?s=96&d=mm&r=g","caption":"animation"}}]}},"_links":{"self":[{"href":"https:\/\/cafedelespace.com\/index.php\/wp-json\/wp\/v2\/posts\/2038","targetHints":{"allow":["GET"]}}],"collection":[{"href":"https:\/\/cafedelespace.com\/index.php\/wp-json\/wp\/v2\/posts"}],"about":[{"href":"https:\/\/cafedelespace.com\/index.php\/wp-json\/wp\/v2\/types\/post"}],"author":[{"embeddable":true,"href":"https:\/\/cafedelespace.com\/index.php\/wp-json\/wp\/v2\/users\/3"}],"replies":[{"embeddable":true,"href":"https:\/\/cafedelespace.com\/index.php\/wp-json\/wp\/v2\/comments?post=2038"}],"version-history":[{"count":1,"href":"https:\/\/cafedelespace.com\/index.php\/wp-json\/wp\/v2\/posts\/2038\/revisions"}],"predecessor-version":[{"id":2041,"href":"https:\/\/cafedelespace.com\/index.php\/wp-json\/wp\/v2\/posts\/2038\/revisions\/2041"}],"wp:featuredmedia":[{"embeddable":true,"href":"https:\/\/cafedelespace.com\/index.php\/wp-json\/wp\/v2\/media\/2040"}],"wp:attachment":[{"href":"https:\/\/cafedelespace.com\/index.php\/wp-json\/wp\/v2\/media?parent=2038"}],"wp:term":[{"taxonomy":"category","embeddable":true,"href":"https:\/\/cafedelespace.com\/index.php\/wp-json\/wp\/v2\/categories?post=2038"},{"taxonomy":"post_tag","embeddable":true,"href":"https:\/\/cafedelespace.com\/index.php\/wp-json\/wp\/v2\/tags?post=2038"}],"curies":[{"name":"wp","href":"https:\/\/api.w.org\/{rel}","templated":true}]}}