{"id":2035,"date":"2025-10-08T12:47:50","date_gmt":"2025-10-08T10:47:50","guid":{"rendered":"https:\/\/cafedelespace.com\/?p=2035"},"modified":"2025-10-08T12:47:51","modified_gmt":"2025-10-08T10:47:51","slug":"week-end-evenement-au-cafe-10-11-et-12-octobre","status":"publish","type":"post","link":"https:\/\/cafedelespace.com\/index.php\/2025\/10\/08\/week-end-evenement-au-cafe-10-11-et-12-octobre\/","title":{"rendered":"Week-end \u00e9v\u00e9nement au caf\u00e9 !! &#8211; 10, 11 et 12 octobre"},"content":{"rendered":"\n<p>Groooooos week end \u00e9venement au Caf\u00e9 de l&rsquo;Espace ces 10, 11 , 12 octobre<\/p>\n\n\n\n<p>Le Vendredi 10 Octobre,<\/p>\n\n\n\n<p><a><\/a>Les Kellogh&rsquo;s Brothers, c&rsquo;est un son qui s&rsquo;avale d\u00e8s le p\u2019tit d\u00e9jeuner !<\/p>\n\n\n\n<p>Cet Atomique Boys Band Felletinois, compos\u00e9 de Mike Varley (Chant \/Guitares), Mathieu Mayoux (Basse) et Jacques Navaux alias Tatou (Batterie) propose une fusion musicale qui se joue des styles, de la g\u00e9ographie et des \u00e9poques. Avec un objectif intemporel : vous faire succomber \u00e0 la puissance du rythme.<\/p>\n\n\n\n<p>Influenc\u00e9 par un blues \u00e9lectrique qui groove \u00e0 la sauce Zappa et un psych\u00e9d\u00e9lisme magn\u00e9tique, le groupe envoie une sauce bien \u00e0 lui, mont\u00e9e avec technicit\u00e9, audace et grain de folie.<\/p>\n\n\n\n<p>Le Samedi 11 Octobre avec les Ramoneurs, on sait que \u00e7a va \u00eatre une grosse ambiance. Leur m\u00e9lange de punk et de musique bretonne cr\u00e9e une atmosph\u00e8re unique, \u00e0 la fois festive et engag\u00e9e. C\u2019est une exp\u00e9rience qu\u2019on ne vit pas tous les jours. Ils sont d\u00e9j\u00e0 pass\u00e9 au caf\u00e9 de l&rsquo;espace et c&rsquo;est une alchimie a tellement bien fonctionn\u00e9 qu&rsquo;on avait envie de se refaire une belle soir\u00e9e ensemble!<\/p>\n\n\n\n<p>Et le dimanche d\u00e9s 9h30, on commence la journ\u00e9e Champ&rsquo;Champ&rsquo; en allant ramasser des champignons et on la fini en trinquant au Champagne et en d\u00e9gustant une omelette aux c\u00e8pes!! Un agr\u00e9able moment de convivialit\u00e9. Ballade et gastronomie.<\/p>\n\n\n\n<p>Jamais fatigu\u00e9-es le Spacien-es!!!!<\/p>\n","protected":false},"excerpt":{"rendered":"<p>Groooooos week end \u00e9venement au Caf\u00e9 de l&rsquo;Espace ces 10, 11 , 12 octobre Le Vendredi 10 Octobre, Les Kellogh&rsquo;s Brothers, c&rsquo;est un son qui s&rsquo;avale d\u00e8s le p\u2019tit d\u00e9jeuner ! Cet Atomique Boys Band Felletinois, compos\u00e9 de Mike Varley (Chant \/Guitares), Mathieu Mayoux (Basse) et Jacques Navaux alias Tatou (Batterie) propose une fusion musicale &hellip; <\/p>\n","protected":false},"author":3,"featured_media":2036,"comment_status":"closed","ping_status":"closed","sticky":false,"template":"","format":"standard","meta":{"footnotes":""},"categories":[7,3],"tags":[],"class_list":["post-2035","post","type-post","status-publish","format-standard","has-post-thumbnail","hentry","category-animation","category-concert","latest_post"],"yoast_head":"<!-- This site is optimized with the Yoast SEO plugin v27.2 - https:\/\/yoast.com\/product\/yoast-seo-wordpress\/ -->\n<title>Week-end \u00e9v\u00e9nement au caf\u00e9 !! - 10, 11 et 12 octobre &#8212; Le Caf\u00e9 de l&#039;Espace<\/title>\n<meta name=\"robots\" content=\"index, follow, max-snippet:-1, max-image-preview:large, max-video-preview:-1\" \/>\n<link rel=\"canonical\" href=\"https:\/\/cafedelespace.com\/index.php\/2025\/10\/08\/week-end-evenement-au-cafe-10-11-et-12-octobre\/\" \/>\n<meta property=\"og:locale\" content=\"fr_FR\" \/>\n<meta property=\"og:type\" content=\"article\" \/>\n<meta property=\"og:title\" content=\"Week-end \u00e9v\u00e9nement au caf\u00e9 !! - 10, 11 et 12 octobre &#8212; Le Caf\u00e9 de l&#039;Espace\" \/>\n<meta property=\"og:description\" content=\"Groooooos week end \u00e9venement au Caf\u00e9 de l&rsquo;Espace ces 10, 11 , 12 octobre Le Vendredi 10 Octobre, Les Kellogh&rsquo;s Brothers, c&rsquo;est un son qui s&rsquo;avale d\u00e8s le p\u2019tit d\u00e9jeuner ! Cet Atomique Boys Band Felletinois, compos\u00e9 de Mike Varley (Chant \/Guitares), Mathieu Mayoux (Basse) et Jacques Navaux alias Tatou (Batterie) propose une fusion musicale &hellip;\" \/>\n<meta property=\"og:url\" content=\"https:\/\/cafedelespace.com\/index.php\/2025\/10\/08\/week-end-evenement-au-cafe-10-11-et-12-octobre\/\" \/>\n<meta property=\"og:site_name\" content=\"Le Caf\u00e9 de l&#039;Espace\" \/>\n<meta property=\"article:publisher\" content=\"https:\/\/www.facebook.com\/Cafe.de.lEspace\/\" \/>\n<meta property=\"article:published_time\" content=\"2025-10-08T10:47:50+00:00\" \/>\n<meta property=\"article:modified_time\" content=\"2025-10-08T10:47:51+00:00\" \/>\n<meta property=\"og:image\" content=\"https:\/\/cafedelespace.com\/wp-content\/uploads\/2025\/10\/week-end-evenement.png\" \/>\n\t<meta property=\"og:image:width\" content=\"1587\" \/>\n\t<meta property=\"og:image:height\" content=\"2245\" \/>\n\t<meta property=\"og:image:type\" content=\"image\/png\" \/>\n<meta name=\"author\" content=\"animation\" \/>\n<meta name=\"twitter:card\" content=\"summary_large_image\" \/>\n<meta name=\"twitter:label1\" content=\"\u00c9crit par\" \/>\n\t<meta name=\"twitter:data1\" content=\"animation\" \/>\n\t<meta name=\"twitter:label2\" content=\"Dur\u00e9e de lecture estim\u00e9e\" \/>\n\t<meta name=\"twitter:data2\" content=\"1 minute\" \/>\n<script type=\"application\/ld+json\" class=\"yoast-schema-graph\">{\"@context\":\"https:\/\/schema.org\",\"@graph\":[{\"@type\":\"Article\",\"@id\":\"https:\/\/cafedelespace.com\/index.php\/2025\/10\/08\/week-end-evenement-au-cafe-10-11-et-12-octobre\/#article\",\"isPartOf\":{\"@id\":\"https:\/\/cafedelespace.com\/index.php\/2025\/10\/08\/week-end-evenement-au-cafe-10-11-et-12-octobre\/\"},\"author\":{\"name\":\"animation\",\"@id\":\"https:\/\/cafedelespace.com\/#\/schema\/person\/f9fc8028d82260f4b8da6d717881ed0c\"},\"headline\":\"Week-end \u00e9v\u00e9nement au caf\u00e9 !! &#8211; 10, 11 et 12 octobre\",\"datePublished\":\"2025-10-08T10:47:50+00:00\",\"dateModified\":\"2025-10-08T10:47:51+00:00\",\"mainEntityOfPage\":{\"@id\":\"https:\/\/cafedelespace.com\/index.php\/2025\/10\/08\/week-end-evenement-au-cafe-10-11-et-12-octobre\/\"},\"wordCount\":241,\"publisher\":{\"@id\":\"https:\/\/cafedelespace.com\/#organization\"},\"image\":{\"@id\":\"https:\/\/cafedelespace.com\/index.php\/2025\/10\/08\/week-end-evenement-au-cafe-10-11-et-12-octobre\/#primaryimage\"},\"thumbnailUrl\":\"https:\/\/cafedelespace.com\/wp-content\/uploads\/2025\/10\/week-end-evenement.png\",\"articleSection\":[\"Animation\",\"Concert\"],\"inLanguage\":\"fr-FR\"},{\"@type\":\"WebPage\",\"@id\":\"https:\/\/cafedelespace.com\/index.php\/2025\/10\/08\/week-end-evenement-au-cafe-10-11-et-12-octobre\/\",\"url\":\"https:\/\/cafedelespace.com\/index.php\/2025\/10\/08\/week-end-evenement-au-cafe-10-11-et-12-octobre\/\",\"name\":\"Week-end \u00e9v\u00e9nement au caf\u00e9 !! - 10, 11 et 12 octobre &#8212; Le Caf\u00e9 de l&#039;Espace\",\"isPartOf\":{\"@id\":\"https:\/\/cafedelespace.com\/#website\"},\"primaryImageOfPage\":{\"@id\":\"https:\/\/cafedelespace.com\/index.php\/2025\/10\/08\/week-end-evenement-au-cafe-10-11-et-12-octobre\/#primaryimage\"},\"image\":{\"@id\":\"https:\/\/cafedelespace.com\/index.php\/2025\/10\/08\/week-end-evenement-au-cafe-10-11-et-12-octobre\/#primaryimage\"},\"thumbnailUrl\":\"https:\/\/cafedelespace.com\/wp-content\/uploads\/2025\/10\/week-end-evenement.png\",\"datePublished\":\"2025-10-08T10:47:50+00:00\",\"dateModified\":\"2025-10-08T10:47:51+00:00\",\"breadcrumb\":{\"@id\":\"https:\/\/cafedelespace.com\/index.php\/2025\/10\/08\/week-end-evenement-au-cafe-10-11-et-12-octobre\/#breadcrumb\"},\"inLanguage\":\"fr-FR\",\"potentialAction\":[{\"@type\":\"ReadAction\",\"target\":[\"https:\/\/cafedelespace.com\/index.php\/2025\/10\/08\/week-end-evenement-au-cafe-10-11-et-12-octobre\/\"]}]},{\"@type\":\"ImageObject\",\"inLanguage\":\"fr-FR\",\"@id\":\"https:\/\/cafedelespace.com\/index.php\/2025\/10\/08\/week-end-evenement-au-cafe-10-11-et-12-octobre\/#primaryimage\",\"url\":\"https:\/\/cafedelespace.com\/wp-content\/uploads\/2025\/10\/week-end-evenement.png\",\"contentUrl\":\"https:\/\/cafedelespace.com\/wp-content\/uploads\/2025\/10\/week-end-evenement.png\",\"width\":1587,\"height\":2245},{\"@type\":\"BreadcrumbList\",\"@id\":\"https:\/\/cafedelespace.com\/index.php\/2025\/10\/08\/week-end-evenement-au-cafe-10-11-et-12-octobre\/#breadcrumb\",\"itemListElement\":[{\"@type\":\"ListItem\",\"position\":1,\"name\":\"Accueil\",\"item\":\"https:\/\/cafedelespace.com\/\"},{\"@type\":\"ListItem\",\"position\":2,\"name\":\"Week-end \u00e9v\u00e9nement au caf\u00e9 !! &#8211; 10, 11 et 12 octobre\"}]},{\"@type\":\"WebSite\",\"@id\":\"https:\/\/cafedelespace.com\/#website\",\"url\":\"https:\/\/cafedelespace.com\/\",\"name\":\"Le Caf\u00e9 de l Espace - Espace Associatif Alain Fauriaux\",\"description\":\"Espace Associatif Alain Fauriaux\",\"publisher\":{\"@id\":\"https:\/\/cafedelespace.com\/#organization\"},\"potentialAction\":[{\"@type\":\"SearchAction\",\"target\":{\"@type\":\"EntryPoint\",\"urlTemplate\":\"https:\/\/cafedelespace.com\/?s={search_term_string}\"},\"query-input\":{\"@type\":\"PropertyValueSpecification\",\"valueRequired\":true,\"valueName\":\"search_term_string\"}}],\"inLanguage\":\"fr-FR\"},{\"@type\":\"Organization\",\"@id\":\"https:\/\/cafedelespace.com\/#organization\",\"name\":\"Caf\u00e9 de l'Espace\",\"url\":\"https:\/\/cafedelespace.com\/\",\"logo\":{\"@type\":\"ImageObject\",\"inLanguage\":\"fr-FR\",\"@id\":\"https:\/\/cafedelespace.com\/#\/schema\/logo\/image\/\",\"url\":\"https:\/\/cafedelespace.com\/wp-content\/uploads\/2020\/04\/logo-peinture.png\",\"contentUrl\":\"https:\/\/cafedelespace.com\/wp-content\/uploads\/2020\/04\/logo-peinture.png\",\"width\":500,\"height\":500,\"caption\":\"Caf\u00e9 de l'Espace\"},\"image\":{\"@id\":\"https:\/\/cafedelespace.com\/#\/schema\/logo\/image\/\"},\"sameAs\":[\"https:\/\/www.facebook.com\/Cafe.de.lEspace\/\"]},{\"@type\":\"Person\",\"@id\":\"https:\/\/cafedelespace.com\/#\/schema\/person\/f9fc8028d82260f4b8da6d717881ed0c\",\"name\":\"animation\",\"image\":{\"@type\":\"ImageObject\",\"inLanguage\":\"fr-FR\",\"@id\":\"https:\/\/secure.gravatar.com\/avatar\/58751f777ed4b9efaea83cfa49d063a6860235226a02165cc8c73a7675e9eea2?s=96&d=mm&r=g\",\"url\":\"https:\/\/secure.gravatar.com\/avatar\/58751f777ed4b9efaea83cfa49d063a6860235226a02165cc8c73a7675e9eea2?s=96&d=mm&r=g\",\"contentUrl\":\"https:\/\/secure.gravatar.com\/avatar\/58751f777ed4b9efaea83cfa49d063a6860235226a02165cc8c73a7675e9eea2?s=96&d=mm&r=g\",\"caption\":\"animation\"}}]}<\/script>\n<!-- \/ Yoast SEO plugin. -->","yoast_head_json":{"title":"Week-end \u00e9v\u00e9nement au caf\u00e9 !! - 10, 11 et 12 octobre &#8212; Le Caf\u00e9 de l&#039;Espace","robots":{"index":"index","follow":"follow","max-snippet":"max-snippet:-1","max-image-preview":"max-image-preview:large","max-video-preview":"max-video-preview:-1"},"canonical":"https:\/\/cafedelespace.com\/index.php\/2025\/10\/08\/week-end-evenement-au-cafe-10-11-et-12-octobre\/","og_locale":"fr_FR","og_type":"article","og_title":"Week-end \u00e9v\u00e9nement au caf\u00e9 !! - 10, 11 et 12 octobre &#8212; Le Caf\u00e9 de l&#039;Espace","og_description":"Groooooos week end \u00e9venement au Caf\u00e9 de l&rsquo;Espace ces 10, 11 , 12 octobre Le Vendredi 10 Octobre, Les Kellogh&rsquo;s Brothers, c&rsquo;est un son qui s&rsquo;avale d\u00e8s le p\u2019tit d\u00e9jeuner ! Cet Atomique Boys Band Felletinois, compos\u00e9 de Mike Varley (Chant \/Guitares), Mathieu Mayoux (Basse) et Jacques Navaux alias Tatou (Batterie) propose une fusion musicale &hellip;","og_url":"https:\/\/cafedelespace.com\/index.php\/2025\/10\/08\/week-end-evenement-au-cafe-10-11-et-12-octobre\/","og_site_name":"Le Caf\u00e9 de l&#039;Espace","article_publisher":"https:\/\/www.facebook.com\/Cafe.de.lEspace\/","article_published_time":"2025-10-08T10:47:50+00:00","article_modified_time":"2025-10-08T10:47:51+00:00","og_image":[{"width":1587,"height":2245,"url":"https:\/\/cafedelespace.com\/wp-content\/uploads\/2025\/10\/week-end-evenement.png","type":"image\/png"}],"author":"animation","twitter_card":"summary_large_image","twitter_misc":{"\u00c9crit par":"animation","Dur\u00e9e de lecture estim\u00e9e":"1 minute"},"schema":{"@context":"https:\/\/schema.org","@graph":[{"@type":"Article","@id":"https:\/\/cafedelespace.com\/index.php\/2025\/10\/08\/week-end-evenement-au-cafe-10-11-et-12-octobre\/#article","isPartOf":{"@id":"https:\/\/cafedelespace.com\/index.php\/2025\/10\/08\/week-end-evenement-au-cafe-10-11-et-12-octobre\/"},"author":{"name":"animation","@id":"https:\/\/cafedelespace.com\/#\/schema\/person\/f9fc8028d82260f4b8da6d717881ed0c"},"headline":"Week-end \u00e9v\u00e9nement au caf\u00e9 !! &#8211; 10, 11 et 12 octobre","datePublished":"2025-10-08T10:47:50+00:00","dateModified":"2025-10-08T10:47:51+00:00","mainEntityOfPage":{"@id":"https:\/\/cafedelespace.com\/index.php\/2025\/10\/08\/week-end-evenement-au-cafe-10-11-et-12-octobre\/"},"wordCount":241,"publisher":{"@id":"https:\/\/cafedelespace.com\/#organization"},"image":{"@id":"https:\/\/cafedelespace.com\/index.php\/2025\/10\/08\/week-end-evenement-au-cafe-10-11-et-12-octobre\/#primaryimage"},"thumbnailUrl":"https:\/\/cafedelespace.com\/wp-content\/uploads\/2025\/10\/week-end-evenement.png","articleSection":["Animation","Concert"],"inLanguage":"fr-FR"},{"@type":"WebPage","@id":"https:\/\/cafedelespace.com\/index.php\/2025\/10\/08\/week-end-evenement-au-cafe-10-11-et-12-octobre\/","url":"https:\/\/cafedelespace.com\/index.php\/2025\/10\/08\/week-end-evenement-au-cafe-10-11-et-12-octobre\/","name":"Week-end \u00e9v\u00e9nement au caf\u00e9 !! - 10, 11 et 12 octobre &#8212; Le Caf\u00e9 de l&#039;Espace","isPartOf":{"@id":"https:\/\/cafedelespace.com\/#website"},"primaryImageOfPage":{"@id":"https:\/\/cafedelespace.com\/index.php\/2025\/10\/08\/week-end-evenement-au-cafe-10-11-et-12-octobre\/#primaryimage"},"image":{"@id":"https:\/\/cafedelespace.com\/index.php\/2025\/10\/08\/week-end-evenement-au-cafe-10-11-et-12-octobre\/#primaryimage"},"thumbnailUrl":"https:\/\/cafedelespace.com\/wp-content\/uploads\/2025\/10\/week-end-evenement.png","datePublished":"2025-10-08T10:47:50+00:00","dateModified":"2025-10-08T10:47:51+00:00","breadcrumb":{"@id":"https:\/\/cafedelespace.com\/index.php\/2025\/10\/08\/week-end-evenement-au-cafe-10-11-et-12-octobre\/#breadcrumb"},"inLanguage":"fr-FR","potentialAction":[{"@type":"ReadAction","target":["https:\/\/cafedelespace.com\/index.php\/2025\/10\/08\/week-end-evenement-au-cafe-10-11-et-12-octobre\/"]}]},{"@type":"ImageObject","inLanguage":"fr-FR","@id":"https:\/\/cafedelespace.com\/index.php\/2025\/10\/08\/week-end-evenement-au-cafe-10-11-et-12-octobre\/#primaryimage","url":"https:\/\/cafedelespace.com\/wp-content\/uploads\/2025\/10\/week-end-evenement.png","contentUrl":"https:\/\/cafedelespace.com\/wp-content\/uploads\/2025\/10\/week-end-evenement.png","width":1587,"height":2245},{"@type":"BreadcrumbList","@id":"https:\/\/cafedelespace.com\/index.php\/2025\/10\/08\/week-end-evenement-au-cafe-10-11-et-12-octobre\/#breadcrumb","itemListElement":[{"@type":"ListItem","position":1,"name":"Accueil","item":"https:\/\/cafedelespace.com\/"},{"@type":"ListItem","position":2,"name":"Week-end \u00e9v\u00e9nement au caf\u00e9 !! &#8211; 10, 11 et 12 octobre"}]},{"@type":"WebSite","@id":"https:\/\/cafedelespace.com\/#website","url":"https:\/\/cafedelespace.com\/","name":"Le Caf\u00e9 de l Espace - Espace Associatif Alain Fauriaux","description":"Espace Associatif Alain Fauriaux","publisher":{"@id":"https:\/\/cafedelespace.com\/#organization"},"potentialAction":[{"@type":"SearchAction","target":{"@type":"EntryPoint","urlTemplate":"https:\/\/cafedelespace.com\/?s={search_term_string}"},"query-input":{"@type":"PropertyValueSpecification","valueRequired":true,"valueName":"search_term_string"}}],"inLanguage":"fr-FR"},{"@type":"Organization","@id":"https:\/\/cafedelespace.com\/#organization","name":"Caf\u00e9 de l'Espace","url":"https:\/\/cafedelespace.com\/","logo":{"@type":"ImageObject","inLanguage":"fr-FR","@id":"https:\/\/cafedelespace.com\/#\/schema\/logo\/image\/","url":"https:\/\/cafedelespace.com\/wp-content\/uploads\/2020\/04\/logo-peinture.png","contentUrl":"https:\/\/cafedelespace.com\/wp-content\/uploads\/2020\/04\/logo-peinture.png","width":500,"height":500,"caption":"Caf\u00e9 de l'Espace"},"image":{"@id":"https:\/\/cafedelespace.com\/#\/schema\/logo\/image\/"},"sameAs":["https:\/\/www.facebook.com\/Cafe.de.lEspace\/"]},{"@type":"Person","@id":"https:\/\/cafedelespace.com\/#\/schema\/person\/f9fc8028d82260f4b8da6d717881ed0c","name":"animation","image":{"@type":"ImageObject","inLanguage":"fr-FR","@id":"https:\/\/secure.gravatar.com\/avatar\/58751f777ed4b9efaea83cfa49d063a6860235226a02165cc8c73a7675e9eea2?s=96&d=mm&r=g","url":"https:\/\/secure.gravatar.com\/avatar\/58751f777ed4b9efaea83cfa49d063a6860235226a02165cc8c73a7675e9eea2?s=96&d=mm&r=g","contentUrl":"https:\/\/secure.gravatar.com\/avatar\/58751f777ed4b9efaea83cfa49d063a6860235226a02165cc8c73a7675e9eea2?s=96&d=mm&r=g","caption":"animation"}}]}},"_links":{"self":[{"href":"https:\/\/cafedelespace.com\/index.php\/wp-json\/wp\/v2\/posts\/2035","targetHints":{"allow":["GET"]}}],"collection":[{"href":"https:\/\/cafedelespace.com\/index.php\/wp-json\/wp\/v2\/posts"}],"about":[{"href":"https:\/\/cafedelespace.com\/index.php\/wp-json\/wp\/v2\/types\/post"}],"author":[{"embeddable":true,"href":"https:\/\/cafedelespace.com\/index.php\/wp-json\/wp\/v2\/users\/3"}],"replies":[{"embeddable":true,"href":"https:\/\/cafedelespace.com\/index.php\/wp-json\/wp\/v2\/comments?post=2035"}],"version-history":[{"count":1,"href":"https:\/\/cafedelespace.com\/index.php\/wp-json\/wp\/v2\/posts\/2035\/revisions"}],"predecessor-version":[{"id":2037,"href":"https:\/\/cafedelespace.com\/index.php\/wp-json\/wp\/v2\/posts\/2035\/revisions\/2037"}],"wp:featuredmedia":[{"embeddable":true,"href":"https:\/\/cafedelespace.com\/index.php\/wp-json\/wp\/v2\/media\/2036"}],"wp:attachment":[{"href":"https:\/\/cafedelespace.com\/index.php\/wp-json\/wp\/v2\/media?parent=2035"}],"wp:term":[{"taxonomy":"category","embeddable":true,"href":"https:\/\/cafedelespace.com\/index.php\/wp-json\/wp\/v2\/categories?post=2035"},{"taxonomy":"post_tag","embeddable":true,"href":"https:\/\/cafedelespace.com\/index.php\/wp-json\/wp\/v2\/tags?post=2035"}],"curies":[{"name":"wp","href":"https:\/\/api.w.org\/{rel}","templated":true}]}}