{"id":2025,"date":"2025-10-01T12:19:41","date_gmt":"2025-10-01T10:19:41","guid":{"rendered":"https:\/\/cafedelespace.com\/?p=2025"},"modified":"2025-10-02T11:46:49","modified_gmt":"2025-10-02T09:46:49","slug":"atelier-bebe-signe-8-octobre","status":"publish","type":"post","link":"https:\/\/cafedelespace.com\/index.php\/2025\/10\/01\/atelier-bebe-signe-8-octobre\/","title":{"rendered":"Atelier b\u00e9b\u00e9 signe &#8211; 8 octobre"},"content":{"rendered":"\n<p>MERCREDI 8 OCTOBRE A 10h<\/p>\n\n\n\n<p><a><\/a>Atelier b\u00e9b\u00e9 signe<img decoding=\"async\" height=\"16\" width=\"16\" alt=\"\ud83d\udc4b\" src=\"https:\/\/static.xx.fbcdn.net\/images\/emoji.php\/v9\/tfa\/1\/16\/1f44b.png\"><\/p>\n\n\n\n<p>Temps d\u2019\u00e9veil \u00e0 la langue des signes pour les b\u00e9b\u00e9s autour des de supports stables du quotidien (livres chansons, jeux). Cet atelier s\u2019adresse aux parents et aux enfants plus \u00e2g\u00e9s qui vont apprendre en m\u00eame temps que leurs parents dans un espace ludique!<\/p>\n\n\n\n<p>Sur r\u00e9servation, tous publics, prix libre<\/p>\n\n\n\n<p>05 55 67 51 38 ou mail : animation.eaaf@gmail.com<\/p>\n","protected":false},"excerpt":{"rendered":"<p>MERCREDI 8 OCTOBRE A 10h Atelier b\u00e9b\u00e9 signe Temps d\u2019\u00e9veil \u00e0 la langue des signes pour les b\u00e9b\u00e9s autour des de supports stables du quotidien (livres chansons, jeux). Cet atelier s\u2019adresse aux parents et aux enfants plus \u00e2g\u00e9s qui vont apprendre en m\u00eame temps que leurs parents dans un espace ludique! Sur r\u00e9servation, tous publics, &hellip; <\/p>\n","protected":false},"author":3,"featured_media":2033,"comment_status":"closed","ping_status":"closed","sticky":false,"template":"","format":"standard","meta":{"footnotes":""},"categories":[7],"tags":[],"class_list":["post-2025","post","type-post","status-publish","format-standard","has-post-thumbnail","hentry","category-animation","latest_post"],"yoast_head":"<!-- This site is optimized with the Yoast SEO plugin v27.2 - https:\/\/yoast.com\/product\/yoast-seo-wordpress\/ -->\n<title>Atelier b\u00e9b\u00e9 signe - 8 octobre &#8212; Le Caf\u00e9 de l&#039;Espace<\/title>\n<meta name=\"robots\" content=\"index, follow, max-snippet:-1, max-image-preview:large, max-video-preview:-1\" \/>\n<link rel=\"canonical\" href=\"https:\/\/cafedelespace.com\/index.php\/2025\/10\/01\/atelier-bebe-signe-8-octobre\/\" \/>\n<meta property=\"og:locale\" content=\"fr_FR\" \/>\n<meta property=\"og:type\" content=\"article\" \/>\n<meta property=\"og:title\" content=\"Atelier b\u00e9b\u00e9 signe - 8 octobre &#8212; Le Caf\u00e9 de l&#039;Espace\" \/>\n<meta property=\"og:description\" content=\"MERCREDI 8 OCTOBRE A 10h Atelier b\u00e9b\u00e9 signe Temps d\u2019\u00e9veil \u00e0 la langue des signes pour les b\u00e9b\u00e9s autour des de supports stables du quotidien (livres chansons, jeux). Cet atelier s\u2019adresse aux parents et aux enfants plus \u00e2g\u00e9s qui vont apprendre en m\u00eame temps que leurs parents dans un espace ludique! Sur r\u00e9servation, tous publics, &hellip;\" \/>\n<meta property=\"og:url\" content=\"https:\/\/cafedelespace.com\/index.php\/2025\/10\/01\/atelier-bebe-signe-8-octobre\/\" \/>\n<meta property=\"og:site_name\" content=\"Le Caf\u00e9 de l&#039;Espace\" \/>\n<meta property=\"article:publisher\" content=\"https:\/\/www.facebook.com\/Cafe.de.lEspace\/\" \/>\n<meta property=\"article:published_time\" content=\"2025-10-01T10:19:41+00:00\" \/>\n<meta property=\"article:modified_time\" content=\"2025-10-02T09:46:49+00:00\" \/>\n<meta property=\"og:image\" content=\"https:\/\/cafedelespace.com\/wp-content\/uploads\/2025\/10\/bebe-signe-8-octobre-724x1024.png\" \/>\n\t<meta property=\"og:image:width\" content=\"724\" \/>\n\t<meta property=\"og:image:height\" content=\"1024\" \/>\n\t<meta property=\"og:image:type\" content=\"image\/png\" \/>\n<meta name=\"author\" content=\"animation\" \/>\n<meta name=\"twitter:card\" content=\"summary_large_image\" \/>\n<meta name=\"twitter:label1\" content=\"\u00c9crit par\" \/>\n\t<meta name=\"twitter:data1\" content=\"animation\" \/>\n<script type=\"application\/ld+json\" class=\"yoast-schema-graph\">{\"@context\":\"https:\/\/schema.org\",\"@graph\":[{\"@type\":\"Article\",\"@id\":\"https:\/\/cafedelespace.com\/index.php\/2025\/10\/01\/atelier-bebe-signe-8-octobre\/#article\",\"isPartOf\":{\"@id\":\"https:\/\/cafedelespace.com\/index.php\/2025\/10\/01\/atelier-bebe-signe-8-octobre\/\"},\"author\":{\"name\":\"animation\",\"@id\":\"https:\/\/cafedelespace.com\/#\/schema\/person\/f9fc8028d82260f4b8da6d717881ed0c\"},\"headline\":\"Atelier b\u00e9b\u00e9 signe &#8211; 8 octobre\",\"datePublished\":\"2025-10-01T10:19:41+00:00\",\"dateModified\":\"2025-10-02T09:46:49+00:00\",\"mainEntityOfPage\":{\"@id\":\"https:\/\/cafedelespace.com\/index.php\/2025\/10\/01\/atelier-bebe-signe-8-octobre\/\"},\"wordCount\":75,\"publisher\":{\"@id\":\"https:\/\/cafedelespace.com\/#organization\"},\"image\":{\"@id\":\"https:\/\/cafedelespace.com\/index.php\/2025\/10\/01\/atelier-bebe-signe-8-octobre\/#primaryimage\"},\"thumbnailUrl\":\"https:\/\/cafedelespace.com\/wp-content\/uploads\/2025\/10\/bebe-signe-8-octobre.png\",\"articleSection\":[\"Animation\"],\"inLanguage\":\"fr-FR\"},{\"@type\":\"WebPage\",\"@id\":\"https:\/\/cafedelespace.com\/index.php\/2025\/10\/01\/atelier-bebe-signe-8-octobre\/\",\"url\":\"https:\/\/cafedelespace.com\/index.php\/2025\/10\/01\/atelier-bebe-signe-8-octobre\/\",\"name\":\"Atelier b\u00e9b\u00e9 signe - 8 octobre &#8212; Le Caf\u00e9 de l&#039;Espace\",\"isPartOf\":{\"@id\":\"https:\/\/cafedelespace.com\/#website\"},\"primaryImageOfPage\":{\"@id\":\"https:\/\/cafedelespace.com\/index.php\/2025\/10\/01\/atelier-bebe-signe-8-octobre\/#primaryimage\"},\"image\":{\"@id\":\"https:\/\/cafedelespace.com\/index.php\/2025\/10\/01\/atelier-bebe-signe-8-octobre\/#primaryimage\"},\"thumbnailUrl\":\"https:\/\/cafedelespace.com\/wp-content\/uploads\/2025\/10\/bebe-signe-8-octobre.png\",\"datePublished\":\"2025-10-01T10:19:41+00:00\",\"dateModified\":\"2025-10-02T09:46:49+00:00\",\"breadcrumb\":{\"@id\":\"https:\/\/cafedelespace.com\/index.php\/2025\/10\/01\/atelier-bebe-signe-8-octobre\/#breadcrumb\"},\"inLanguage\":\"fr-FR\",\"potentialAction\":[{\"@type\":\"ReadAction\",\"target\":[\"https:\/\/cafedelespace.com\/index.php\/2025\/10\/01\/atelier-bebe-signe-8-octobre\/\"]}]},{\"@type\":\"ImageObject\",\"inLanguage\":\"fr-FR\",\"@id\":\"https:\/\/cafedelespace.com\/index.php\/2025\/10\/01\/atelier-bebe-signe-8-octobre\/#primaryimage\",\"url\":\"https:\/\/cafedelespace.com\/wp-content\/uploads\/2025\/10\/bebe-signe-8-octobre.png\",\"contentUrl\":\"https:\/\/cafedelespace.com\/wp-content\/uploads\/2025\/10\/bebe-signe-8-octobre.png\",\"width\":1414,\"height\":2000},{\"@type\":\"BreadcrumbList\",\"@id\":\"https:\/\/cafedelespace.com\/index.php\/2025\/10\/01\/atelier-bebe-signe-8-octobre\/#breadcrumb\",\"itemListElement\":[{\"@type\":\"ListItem\",\"position\":1,\"name\":\"Accueil\",\"item\":\"https:\/\/cafedelespace.com\/\"},{\"@type\":\"ListItem\",\"position\":2,\"name\":\"Atelier b\u00e9b\u00e9 signe &#8211; 8 octobre\"}]},{\"@type\":\"WebSite\",\"@id\":\"https:\/\/cafedelespace.com\/#website\",\"url\":\"https:\/\/cafedelespace.com\/\",\"name\":\"Le Caf\u00e9 de l Espace - Espace Associatif Alain Fauriaux\",\"description\":\"Espace Associatif Alain Fauriaux\",\"publisher\":{\"@id\":\"https:\/\/cafedelespace.com\/#organization\"},\"potentialAction\":[{\"@type\":\"SearchAction\",\"target\":{\"@type\":\"EntryPoint\",\"urlTemplate\":\"https:\/\/cafedelespace.com\/?s={search_term_string}\"},\"query-input\":{\"@type\":\"PropertyValueSpecification\",\"valueRequired\":true,\"valueName\":\"search_term_string\"}}],\"inLanguage\":\"fr-FR\"},{\"@type\":\"Organization\",\"@id\":\"https:\/\/cafedelespace.com\/#organization\",\"name\":\"Caf\u00e9 de l'Espace\",\"url\":\"https:\/\/cafedelespace.com\/\",\"logo\":{\"@type\":\"ImageObject\",\"inLanguage\":\"fr-FR\",\"@id\":\"https:\/\/cafedelespace.com\/#\/schema\/logo\/image\/\",\"url\":\"https:\/\/cafedelespace.com\/wp-content\/uploads\/2020\/04\/logo-peinture.png\",\"contentUrl\":\"https:\/\/cafedelespace.com\/wp-content\/uploads\/2020\/04\/logo-peinture.png\",\"width\":500,\"height\":500,\"caption\":\"Caf\u00e9 de l'Espace\"},\"image\":{\"@id\":\"https:\/\/cafedelespace.com\/#\/schema\/logo\/image\/\"},\"sameAs\":[\"https:\/\/www.facebook.com\/Cafe.de.lEspace\/\"]},{\"@type\":\"Person\",\"@id\":\"https:\/\/cafedelespace.com\/#\/schema\/person\/f9fc8028d82260f4b8da6d717881ed0c\",\"name\":\"animation\",\"image\":{\"@type\":\"ImageObject\",\"inLanguage\":\"fr-FR\",\"@id\":\"https:\/\/secure.gravatar.com\/avatar\/58751f777ed4b9efaea83cfa49d063a6860235226a02165cc8c73a7675e9eea2?s=96&d=mm&r=g\",\"url\":\"https:\/\/secure.gravatar.com\/avatar\/58751f777ed4b9efaea83cfa49d063a6860235226a02165cc8c73a7675e9eea2?s=96&d=mm&r=g\",\"contentUrl\":\"https:\/\/secure.gravatar.com\/avatar\/58751f777ed4b9efaea83cfa49d063a6860235226a02165cc8c73a7675e9eea2?s=96&d=mm&r=g\",\"caption\":\"animation\"}}]}<\/script>\n<!-- \/ Yoast SEO plugin. -->","yoast_head_json":{"title":"Atelier b\u00e9b\u00e9 signe - 8 octobre &#8212; Le Caf\u00e9 de l&#039;Espace","robots":{"index":"index","follow":"follow","max-snippet":"max-snippet:-1","max-image-preview":"max-image-preview:large","max-video-preview":"max-video-preview:-1"},"canonical":"https:\/\/cafedelespace.com\/index.php\/2025\/10\/01\/atelier-bebe-signe-8-octobre\/","og_locale":"fr_FR","og_type":"article","og_title":"Atelier b\u00e9b\u00e9 signe - 8 octobre &#8212; Le Caf\u00e9 de l&#039;Espace","og_description":"MERCREDI 8 OCTOBRE A 10h Atelier b\u00e9b\u00e9 signe Temps d\u2019\u00e9veil \u00e0 la langue des signes pour les b\u00e9b\u00e9s autour des de supports stables du quotidien (livres chansons, jeux). Cet atelier s\u2019adresse aux parents et aux enfants plus \u00e2g\u00e9s qui vont apprendre en m\u00eame temps que leurs parents dans un espace ludique! Sur r\u00e9servation, tous publics, &hellip;","og_url":"https:\/\/cafedelespace.com\/index.php\/2025\/10\/01\/atelier-bebe-signe-8-octobre\/","og_site_name":"Le Caf\u00e9 de l&#039;Espace","article_publisher":"https:\/\/www.facebook.com\/Cafe.de.lEspace\/","article_published_time":"2025-10-01T10:19:41+00:00","article_modified_time":"2025-10-02T09:46:49+00:00","og_image":[{"width":724,"height":1024,"url":"https:\/\/cafedelespace.com\/wp-content\/uploads\/2025\/10\/bebe-signe-8-octobre-724x1024.png","type":"image\/png"}],"author":"animation","twitter_card":"summary_large_image","twitter_misc":{"\u00c9crit par":"animation"},"schema":{"@context":"https:\/\/schema.org","@graph":[{"@type":"Article","@id":"https:\/\/cafedelespace.com\/index.php\/2025\/10\/01\/atelier-bebe-signe-8-octobre\/#article","isPartOf":{"@id":"https:\/\/cafedelespace.com\/index.php\/2025\/10\/01\/atelier-bebe-signe-8-octobre\/"},"author":{"name":"animation","@id":"https:\/\/cafedelespace.com\/#\/schema\/person\/f9fc8028d82260f4b8da6d717881ed0c"},"headline":"Atelier b\u00e9b\u00e9 signe &#8211; 8 octobre","datePublished":"2025-10-01T10:19:41+00:00","dateModified":"2025-10-02T09:46:49+00:00","mainEntityOfPage":{"@id":"https:\/\/cafedelespace.com\/index.php\/2025\/10\/01\/atelier-bebe-signe-8-octobre\/"},"wordCount":75,"publisher":{"@id":"https:\/\/cafedelespace.com\/#organization"},"image":{"@id":"https:\/\/cafedelespace.com\/index.php\/2025\/10\/01\/atelier-bebe-signe-8-octobre\/#primaryimage"},"thumbnailUrl":"https:\/\/cafedelespace.com\/wp-content\/uploads\/2025\/10\/bebe-signe-8-octobre.png","articleSection":["Animation"],"inLanguage":"fr-FR"},{"@type":"WebPage","@id":"https:\/\/cafedelespace.com\/index.php\/2025\/10\/01\/atelier-bebe-signe-8-octobre\/","url":"https:\/\/cafedelespace.com\/index.php\/2025\/10\/01\/atelier-bebe-signe-8-octobre\/","name":"Atelier b\u00e9b\u00e9 signe - 8 octobre &#8212; Le Caf\u00e9 de l&#039;Espace","isPartOf":{"@id":"https:\/\/cafedelespace.com\/#website"},"primaryImageOfPage":{"@id":"https:\/\/cafedelespace.com\/index.php\/2025\/10\/01\/atelier-bebe-signe-8-octobre\/#primaryimage"},"image":{"@id":"https:\/\/cafedelespace.com\/index.php\/2025\/10\/01\/atelier-bebe-signe-8-octobre\/#primaryimage"},"thumbnailUrl":"https:\/\/cafedelespace.com\/wp-content\/uploads\/2025\/10\/bebe-signe-8-octobre.png","datePublished":"2025-10-01T10:19:41+00:00","dateModified":"2025-10-02T09:46:49+00:00","breadcrumb":{"@id":"https:\/\/cafedelespace.com\/index.php\/2025\/10\/01\/atelier-bebe-signe-8-octobre\/#breadcrumb"},"inLanguage":"fr-FR","potentialAction":[{"@type":"ReadAction","target":["https:\/\/cafedelespace.com\/index.php\/2025\/10\/01\/atelier-bebe-signe-8-octobre\/"]}]},{"@type":"ImageObject","inLanguage":"fr-FR","@id":"https:\/\/cafedelespace.com\/index.php\/2025\/10\/01\/atelier-bebe-signe-8-octobre\/#primaryimage","url":"https:\/\/cafedelespace.com\/wp-content\/uploads\/2025\/10\/bebe-signe-8-octobre.png","contentUrl":"https:\/\/cafedelespace.com\/wp-content\/uploads\/2025\/10\/bebe-signe-8-octobre.png","width":1414,"height":2000},{"@type":"BreadcrumbList","@id":"https:\/\/cafedelespace.com\/index.php\/2025\/10\/01\/atelier-bebe-signe-8-octobre\/#breadcrumb","itemListElement":[{"@type":"ListItem","position":1,"name":"Accueil","item":"https:\/\/cafedelespace.com\/"},{"@type":"ListItem","position":2,"name":"Atelier b\u00e9b\u00e9 signe &#8211; 8 octobre"}]},{"@type":"WebSite","@id":"https:\/\/cafedelespace.com\/#website","url":"https:\/\/cafedelespace.com\/","name":"Le Caf\u00e9 de l Espace - Espace Associatif Alain Fauriaux","description":"Espace Associatif Alain Fauriaux","publisher":{"@id":"https:\/\/cafedelespace.com\/#organization"},"potentialAction":[{"@type":"SearchAction","target":{"@type":"EntryPoint","urlTemplate":"https:\/\/cafedelespace.com\/?s={search_term_string}"},"query-input":{"@type":"PropertyValueSpecification","valueRequired":true,"valueName":"search_term_string"}}],"inLanguage":"fr-FR"},{"@type":"Organization","@id":"https:\/\/cafedelespace.com\/#organization","name":"Caf\u00e9 de l'Espace","url":"https:\/\/cafedelespace.com\/","logo":{"@type":"ImageObject","inLanguage":"fr-FR","@id":"https:\/\/cafedelespace.com\/#\/schema\/logo\/image\/","url":"https:\/\/cafedelespace.com\/wp-content\/uploads\/2020\/04\/logo-peinture.png","contentUrl":"https:\/\/cafedelespace.com\/wp-content\/uploads\/2020\/04\/logo-peinture.png","width":500,"height":500,"caption":"Caf\u00e9 de l'Espace"},"image":{"@id":"https:\/\/cafedelespace.com\/#\/schema\/logo\/image\/"},"sameAs":["https:\/\/www.facebook.com\/Cafe.de.lEspace\/"]},{"@type":"Person","@id":"https:\/\/cafedelespace.com\/#\/schema\/person\/f9fc8028d82260f4b8da6d717881ed0c","name":"animation","image":{"@type":"ImageObject","inLanguage":"fr-FR","@id":"https:\/\/secure.gravatar.com\/avatar\/58751f777ed4b9efaea83cfa49d063a6860235226a02165cc8c73a7675e9eea2?s=96&d=mm&r=g","url":"https:\/\/secure.gravatar.com\/avatar\/58751f777ed4b9efaea83cfa49d063a6860235226a02165cc8c73a7675e9eea2?s=96&d=mm&r=g","contentUrl":"https:\/\/secure.gravatar.com\/avatar\/58751f777ed4b9efaea83cfa49d063a6860235226a02165cc8c73a7675e9eea2?s=96&d=mm&r=g","caption":"animation"}}]}},"_links":{"self":[{"href":"https:\/\/cafedelespace.com\/index.php\/wp-json\/wp\/v2\/posts\/2025","targetHints":{"allow":["GET"]}}],"collection":[{"href":"https:\/\/cafedelespace.com\/index.php\/wp-json\/wp\/v2\/posts"}],"about":[{"href":"https:\/\/cafedelespace.com\/index.php\/wp-json\/wp\/v2\/types\/post"}],"author":[{"embeddable":true,"href":"https:\/\/cafedelespace.com\/index.php\/wp-json\/wp\/v2\/users\/3"}],"replies":[{"embeddable":true,"href":"https:\/\/cafedelespace.com\/index.php\/wp-json\/wp\/v2\/comments?post=2025"}],"version-history":[{"count":2,"href":"https:\/\/cafedelespace.com\/index.php\/wp-json\/wp\/v2\/posts\/2025\/revisions"}],"predecessor-version":[{"id":2034,"href":"https:\/\/cafedelespace.com\/index.php\/wp-json\/wp\/v2\/posts\/2025\/revisions\/2034"}],"wp:featuredmedia":[{"embeddable":true,"href":"https:\/\/cafedelespace.com\/index.php\/wp-json\/wp\/v2\/media\/2033"}],"wp:attachment":[{"href":"https:\/\/cafedelespace.com\/index.php\/wp-json\/wp\/v2\/media?parent=2025"}],"wp:term":[{"taxonomy":"category","embeddable":true,"href":"https:\/\/cafedelespace.com\/index.php\/wp-json\/wp\/v2\/categories?post=2025"},{"taxonomy":"post_tag","embeddable":true,"href":"https:\/\/cafedelespace.com\/index.php\/wp-json\/wp\/v2\/tags?post=2025"}],"curies":[{"name":"wp","href":"https:\/\/api.w.org\/{rel}","templated":true}]}}