{"id":2022,"date":"2025-10-01T12:18:15","date_gmt":"2025-10-01T10:18:15","guid":{"rendered":"https:\/\/cafedelespace.com\/?p=2022"},"modified":"2025-10-01T12:18:16","modified_gmt":"2025-10-01T10:18:16","slug":"peur-panic-3-octobre","status":"publish","type":"post","link":"https:\/\/cafedelespace.com\/index.php\/2025\/10\/01\/peur-panic-3-octobre\/","title":{"rendered":"Peur Panic &#8211; 3 octobre"},"content":{"rendered":"\n<p>Au caf\u00e9 de l&rsquo;espace <img decoding=\"async\" height=\"16\" width=\"16\" alt=\"\ud83d\ude80\" src=\"https:\/\/static.xx.fbcdn.net\/images\/emoji.php\/v9\/tc6\/1\/16\/1f680.png\">, ce vendredi 03 octobre. Peur Panic est en concert!!!!<img decoding=\"async\" height=\"16\" width=\"16\" alt=\"\ud83e\udd18\" src=\"https:\/\/static.xx.fbcdn.net\/images\/emoji.php\/v9\/t38\/1\/16\/1f918.png\"><\/p>\n\n\n\n<p>Peur Panic fusionne rock lourd et soul br\u00fblante pour cr\u00e9er un univers unique : le Heavy <a><\/a>Soul. Inspir\u00e9 par des influences comme Pixies, Incubus et Janis Joplin, le groupe distille une intensit\u00e9 brute et \u00e9motive. Sur sc\u00e8ne, Peur Panic transmet une exp\u00e9rience authentique, intense et sans compromis.<\/p>\n\n\n\n<p>Billetterie \u00e0 prix libre et conscient!!!!<\/p>\n\n\n\n<p>\u00e0 vendredi les ami-es!!!! <img decoding=\"async\" height=\"16\" width=\"16\" alt=\"\ud83d\ude0d\" src=\"https:\/\/static.xx.fbcdn.net\/images\/emoji.php\/v9\/t2\/1\/16\/1f60d.png\"><img loading=\"lazy\" decoding=\"async\" height=\"16\" width=\"16\" alt=\"\ud83c\udf7b\" src=\"https:\/\/static.xx.fbcdn.net\/images\/emoji.php\/v9\/t96\/1\/16\/1f37b.png\"><img loading=\"lazy\" decoding=\"async\" height=\"16\" width=\"16\" alt=\"\ud83d\ude01\" src=\"https:\/\/static.xx.fbcdn.net\/images\/emoji.php\/v9\/t4f\/1\/16\/1f601.png\"><\/p>\n","protected":false},"excerpt":{"rendered":"<p>Au caf\u00e9 de l&rsquo;espace , ce vendredi 03 octobre. Peur Panic est en concert!!!! Peur Panic fusionne rock lourd et soul br\u00fblante pour cr\u00e9er un univers unique : le Heavy Soul. Inspir\u00e9 par des influences comme Pixies, Incubus et Janis Joplin, le groupe distille une intensit\u00e9 brute et \u00e9motive. Sur sc\u00e8ne, Peur Panic transmet une &hellip; <\/p>\n","protected":false},"author":3,"featured_media":2023,"comment_status":"closed","ping_status":"closed","sticky":false,"template":"","format":"standard","meta":{"footnotes":""},"categories":[3],"tags":[],"class_list":["post-2022","post","type-post","status-publish","format-standard","has-post-thumbnail","hentry","category-concert","latest_post"],"yoast_head":"<!-- This site is optimized with the Yoast SEO plugin v27.2 - https:\/\/yoast.com\/product\/yoast-seo-wordpress\/ -->\n<title>Peur Panic - 3 octobre &#8212; Le Caf\u00e9 de l&#039;Espace<\/title>\n<meta name=\"robots\" content=\"index, follow, max-snippet:-1, max-image-preview:large, max-video-preview:-1\" \/>\n<link rel=\"canonical\" href=\"https:\/\/cafedelespace.com\/index.php\/2025\/10\/01\/peur-panic-3-octobre\/\" \/>\n<meta property=\"og:locale\" content=\"fr_FR\" \/>\n<meta property=\"og:type\" content=\"article\" \/>\n<meta property=\"og:title\" content=\"Peur Panic - 3 octobre &#8212; Le Caf\u00e9 de l&#039;Espace\" \/>\n<meta property=\"og:description\" content=\"Au caf\u00e9 de l&rsquo;espace , ce vendredi 03 octobre. Peur Panic est en concert!!!! Peur Panic fusionne rock lourd et soul br\u00fblante pour cr\u00e9er un univers unique : le Heavy Soul. Inspir\u00e9 par des influences comme Pixies, Incubus et Janis Joplin, le groupe distille une intensit\u00e9 brute et \u00e9motive. Sur sc\u00e8ne, Peur Panic transmet une &hellip;\" \/>\n<meta property=\"og:url\" content=\"https:\/\/cafedelespace.com\/index.php\/2025\/10\/01\/peur-panic-3-octobre\/\" \/>\n<meta property=\"og:site_name\" content=\"Le Caf\u00e9 de l&#039;Espace\" \/>\n<meta property=\"article:publisher\" content=\"https:\/\/www.facebook.com\/Cafe.de.lEspace\/\" \/>\n<meta property=\"article:published_time\" content=\"2025-10-01T10:18:15+00:00\" \/>\n<meta property=\"article:modified_time\" content=\"2025-10-01T10:18:16+00:00\" \/>\n<meta property=\"og:image\" content=\"https:\/\/cafedelespace.com\/wp-content\/uploads\/2025\/10\/556155313_1382075620584214_890710846326291669_n.jpg\" \/>\n\t<meta property=\"og:image:width\" content=\"1448\" \/>\n\t<meta property=\"og:image:height\" content=\"2048\" \/>\n\t<meta property=\"og:image:type\" content=\"image\/jpeg\" \/>\n<meta name=\"author\" content=\"animation\" \/>\n<meta name=\"twitter:card\" content=\"summary_large_image\" \/>\n<meta name=\"twitter:label1\" content=\"\u00c9crit par\" \/>\n\t<meta name=\"twitter:data1\" content=\"animation\" \/>\n<script type=\"application\/ld+json\" class=\"yoast-schema-graph\">{\"@context\":\"https:\/\/schema.org\",\"@graph\":[{\"@type\":\"Article\",\"@id\":\"https:\/\/cafedelespace.com\/index.php\/2025\/10\/01\/peur-panic-3-octobre\/#article\",\"isPartOf\":{\"@id\":\"https:\/\/cafedelespace.com\/index.php\/2025\/10\/01\/peur-panic-3-octobre\/\"},\"author\":{\"name\":\"animation\",\"@id\":\"https:\/\/cafedelespace.com\/#\/schema\/person\/f9fc8028d82260f4b8da6d717881ed0c\"},\"headline\":\"Peur Panic &#8211; 3 octobre\",\"datePublished\":\"2025-10-01T10:18:15+00:00\",\"dateModified\":\"2025-10-01T10:18:16+00:00\",\"mainEntityOfPage\":{\"@id\":\"https:\/\/cafedelespace.com\/index.php\/2025\/10\/01\/peur-panic-3-octobre\/\"},\"wordCount\":74,\"publisher\":{\"@id\":\"https:\/\/cafedelespace.com\/#organization\"},\"image\":{\"@id\":\"https:\/\/cafedelespace.com\/index.php\/2025\/10\/01\/peur-panic-3-octobre\/#primaryimage\"},\"thumbnailUrl\":\"https:\/\/cafedelespace.com\/wp-content\/uploads\/2025\/10\/556155313_1382075620584214_890710846326291669_n.jpg\",\"articleSection\":[\"Concert\"],\"inLanguage\":\"fr-FR\"},{\"@type\":\"WebPage\",\"@id\":\"https:\/\/cafedelespace.com\/index.php\/2025\/10\/01\/peur-panic-3-octobre\/\",\"url\":\"https:\/\/cafedelespace.com\/index.php\/2025\/10\/01\/peur-panic-3-octobre\/\",\"name\":\"Peur Panic - 3 octobre &#8212; Le Caf\u00e9 de l&#039;Espace\",\"isPartOf\":{\"@id\":\"https:\/\/cafedelespace.com\/#website\"},\"primaryImageOfPage\":{\"@id\":\"https:\/\/cafedelespace.com\/index.php\/2025\/10\/01\/peur-panic-3-octobre\/#primaryimage\"},\"image\":{\"@id\":\"https:\/\/cafedelespace.com\/index.php\/2025\/10\/01\/peur-panic-3-octobre\/#primaryimage\"},\"thumbnailUrl\":\"https:\/\/cafedelespace.com\/wp-content\/uploads\/2025\/10\/556155313_1382075620584214_890710846326291669_n.jpg\",\"datePublished\":\"2025-10-01T10:18:15+00:00\",\"dateModified\":\"2025-10-01T10:18:16+00:00\",\"breadcrumb\":{\"@id\":\"https:\/\/cafedelespace.com\/index.php\/2025\/10\/01\/peur-panic-3-octobre\/#breadcrumb\"},\"inLanguage\":\"fr-FR\",\"potentialAction\":[{\"@type\":\"ReadAction\",\"target\":[\"https:\/\/cafedelespace.com\/index.php\/2025\/10\/01\/peur-panic-3-octobre\/\"]}]},{\"@type\":\"ImageObject\",\"inLanguage\":\"fr-FR\",\"@id\":\"https:\/\/cafedelespace.com\/index.php\/2025\/10\/01\/peur-panic-3-octobre\/#primaryimage\",\"url\":\"https:\/\/cafedelespace.com\/wp-content\/uploads\/2025\/10\/556155313_1382075620584214_890710846326291669_n.jpg\",\"contentUrl\":\"https:\/\/cafedelespace.com\/wp-content\/uploads\/2025\/10\/556155313_1382075620584214_890710846326291669_n.jpg\",\"width\":1448,\"height\":2048},{\"@type\":\"BreadcrumbList\",\"@id\":\"https:\/\/cafedelespace.com\/index.php\/2025\/10\/01\/peur-panic-3-octobre\/#breadcrumb\",\"itemListElement\":[{\"@type\":\"ListItem\",\"position\":1,\"name\":\"Accueil\",\"item\":\"https:\/\/cafedelespace.com\/\"},{\"@type\":\"ListItem\",\"position\":2,\"name\":\"Peur Panic &#8211; 3 octobre\"}]},{\"@type\":\"WebSite\",\"@id\":\"https:\/\/cafedelespace.com\/#website\",\"url\":\"https:\/\/cafedelespace.com\/\",\"name\":\"Le Caf\u00e9 de l Espace - Espace Associatif Alain Fauriaux\",\"description\":\"Espace Associatif Alain Fauriaux\",\"publisher\":{\"@id\":\"https:\/\/cafedelespace.com\/#organization\"},\"potentialAction\":[{\"@type\":\"SearchAction\",\"target\":{\"@type\":\"EntryPoint\",\"urlTemplate\":\"https:\/\/cafedelespace.com\/?s={search_term_string}\"},\"query-input\":{\"@type\":\"PropertyValueSpecification\",\"valueRequired\":true,\"valueName\":\"search_term_string\"}}],\"inLanguage\":\"fr-FR\"},{\"@type\":\"Organization\",\"@id\":\"https:\/\/cafedelespace.com\/#organization\",\"name\":\"Caf\u00e9 de l'Espace\",\"url\":\"https:\/\/cafedelespace.com\/\",\"logo\":{\"@type\":\"ImageObject\",\"inLanguage\":\"fr-FR\",\"@id\":\"https:\/\/cafedelespace.com\/#\/schema\/logo\/image\/\",\"url\":\"https:\/\/cafedelespace.com\/wp-content\/uploads\/2020\/04\/logo-peinture.png\",\"contentUrl\":\"https:\/\/cafedelespace.com\/wp-content\/uploads\/2020\/04\/logo-peinture.png\",\"width\":500,\"height\":500,\"caption\":\"Caf\u00e9 de l'Espace\"},\"image\":{\"@id\":\"https:\/\/cafedelespace.com\/#\/schema\/logo\/image\/\"},\"sameAs\":[\"https:\/\/www.facebook.com\/Cafe.de.lEspace\/\"]},{\"@type\":\"Person\",\"@id\":\"https:\/\/cafedelespace.com\/#\/schema\/person\/f9fc8028d82260f4b8da6d717881ed0c\",\"name\":\"animation\",\"image\":{\"@type\":\"ImageObject\",\"inLanguage\":\"fr-FR\",\"@id\":\"https:\/\/secure.gravatar.com\/avatar\/58751f777ed4b9efaea83cfa49d063a6860235226a02165cc8c73a7675e9eea2?s=96&d=mm&r=g\",\"url\":\"https:\/\/secure.gravatar.com\/avatar\/58751f777ed4b9efaea83cfa49d063a6860235226a02165cc8c73a7675e9eea2?s=96&d=mm&r=g\",\"contentUrl\":\"https:\/\/secure.gravatar.com\/avatar\/58751f777ed4b9efaea83cfa49d063a6860235226a02165cc8c73a7675e9eea2?s=96&d=mm&r=g\",\"caption\":\"animation\"}}]}<\/script>\n<!-- \/ Yoast SEO plugin. -->","yoast_head_json":{"title":"Peur Panic - 3 octobre &#8212; Le Caf\u00e9 de l&#039;Espace","robots":{"index":"index","follow":"follow","max-snippet":"max-snippet:-1","max-image-preview":"max-image-preview:large","max-video-preview":"max-video-preview:-1"},"canonical":"https:\/\/cafedelespace.com\/index.php\/2025\/10\/01\/peur-panic-3-octobre\/","og_locale":"fr_FR","og_type":"article","og_title":"Peur Panic - 3 octobre &#8212; Le Caf\u00e9 de l&#039;Espace","og_description":"Au caf\u00e9 de l&rsquo;espace , ce vendredi 03 octobre. Peur Panic est en concert!!!! Peur Panic fusionne rock lourd et soul br\u00fblante pour cr\u00e9er un univers unique : le Heavy Soul. Inspir\u00e9 par des influences comme Pixies, Incubus et Janis Joplin, le groupe distille une intensit\u00e9 brute et \u00e9motive. Sur sc\u00e8ne, Peur Panic transmet une &hellip;","og_url":"https:\/\/cafedelespace.com\/index.php\/2025\/10\/01\/peur-panic-3-octobre\/","og_site_name":"Le Caf\u00e9 de l&#039;Espace","article_publisher":"https:\/\/www.facebook.com\/Cafe.de.lEspace\/","article_published_time":"2025-10-01T10:18:15+00:00","article_modified_time":"2025-10-01T10:18:16+00:00","og_image":[{"width":1448,"height":2048,"url":"https:\/\/cafedelespace.com\/wp-content\/uploads\/2025\/10\/556155313_1382075620584214_890710846326291669_n.jpg","type":"image\/jpeg"}],"author":"animation","twitter_card":"summary_large_image","twitter_misc":{"\u00c9crit par":"animation"},"schema":{"@context":"https:\/\/schema.org","@graph":[{"@type":"Article","@id":"https:\/\/cafedelespace.com\/index.php\/2025\/10\/01\/peur-panic-3-octobre\/#article","isPartOf":{"@id":"https:\/\/cafedelespace.com\/index.php\/2025\/10\/01\/peur-panic-3-octobre\/"},"author":{"name":"animation","@id":"https:\/\/cafedelespace.com\/#\/schema\/person\/f9fc8028d82260f4b8da6d717881ed0c"},"headline":"Peur Panic &#8211; 3 octobre","datePublished":"2025-10-01T10:18:15+00:00","dateModified":"2025-10-01T10:18:16+00:00","mainEntityOfPage":{"@id":"https:\/\/cafedelespace.com\/index.php\/2025\/10\/01\/peur-panic-3-octobre\/"},"wordCount":74,"publisher":{"@id":"https:\/\/cafedelespace.com\/#organization"},"image":{"@id":"https:\/\/cafedelespace.com\/index.php\/2025\/10\/01\/peur-panic-3-octobre\/#primaryimage"},"thumbnailUrl":"https:\/\/cafedelespace.com\/wp-content\/uploads\/2025\/10\/556155313_1382075620584214_890710846326291669_n.jpg","articleSection":["Concert"],"inLanguage":"fr-FR"},{"@type":"WebPage","@id":"https:\/\/cafedelespace.com\/index.php\/2025\/10\/01\/peur-panic-3-octobre\/","url":"https:\/\/cafedelespace.com\/index.php\/2025\/10\/01\/peur-panic-3-octobre\/","name":"Peur Panic - 3 octobre &#8212; Le Caf\u00e9 de l&#039;Espace","isPartOf":{"@id":"https:\/\/cafedelespace.com\/#website"},"primaryImageOfPage":{"@id":"https:\/\/cafedelespace.com\/index.php\/2025\/10\/01\/peur-panic-3-octobre\/#primaryimage"},"image":{"@id":"https:\/\/cafedelespace.com\/index.php\/2025\/10\/01\/peur-panic-3-octobre\/#primaryimage"},"thumbnailUrl":"https:\/\/cafedelespace.com\/wp-content\/uploads\/2025\/10\/556155313_1382075620584214_890710846326291669_n.jpg","datePublished":"2025-10-01T10:18:15+00:00","dateModified":"2025-10-01T10:18:16+00:00","breadcrumb":{"@id":"https:\/\/cafedelespace.com\/index.php\/2025\/10\/01\/peur-panic-3-octobre\/#breadcrumb"},"inLanguage":"fr-FR","potentialAction":[{"@type":"ReadAction","target":["https:\/\/cafedelespace.com\/index.php\/2025\/10\/01\/peur-panic-3-octobre\/"]}]},{"@type":"ImageObject","inLanguage":"fr-FR","@id":"https:\/\/cafedelespace.com\/index.php\/2025\/10\/01\/peur-panic-3-octobre\/#primaryimage","url":"https:\/\/cafedelespace.com\/wp-content\/uploads\/2025\/10\/556155313_1382075620584214_890710846326291669_n.jpg","contentUrl":"https:\/\/cafedelespace.com\/wp-content\/uploads\/2025\/10\/556155313_1382075620584214_890710846326291669_n.jpg","width":1448,"height":2048},{"@type":"BreadcrumbList","@id":"https:\/\/cafedelespace.com\/index.php\/2025\/10\/01\/peur-panic-3-octobre\/#breadcrumb","itemListElement":[{"@type":"ListItem","position":1,"name":"Accueil","item":"https:\/\/cafedelespace.com\/"},{"@type":"ListItem","position":2,"name":"Peur Panic &#8211; 3 octobre"}]},{"@type":"WebSite","@id":"https:\/\/cafedelespace.com\/#website","url":"https:\/\/cafedelespace.com\/","name":"Le Caf\u00e9 de l Espace - Espace Associatif Alain Fauriaux","description":"Espace Associatif Alain Fauriaux","publisher":{"@id":"https:\/\/cafedelespace.com\/#organization"},"potentialAction":[{"@type":"SearchAction","target":{"@type":"EntryPoint","urlTemplate":"https:\/\/cafedelespace.com\/?s={search_term_string}"},"query-input":{"@type":"PropertyValueSpecification","valueRequired":true,"valueName":"search_term_string"}}],"inLanguage":"fr-FR"},{"@type":"Organization","@id":"https:\/\/cafedelespace.com\/#organization","name":"Caf\u00e9 de l'Espace","url":"https:\/\/cafedelespace.com\/","logo":{"@type":"ImageObject","inLanguage":"fr-FR","@id":"https:\/\/cafedelespace.com\/#\/schema\/logo\/image\/","url":"https:\/\/cafedelespace.com\/wp-content\/uploads\/2020\/04\/logo-peinture.png","contentUrl":"https:\/\/cafedelespace.com\/wp-content\/uploads\/2020\/04\/logo-peinture.png","width":500,"height":500,"caption":"Caf\u00e9 de l'Espace"},"image":{"@id":"https:\/\/cafedelespace.com\/#\/schema\/logo\/image\/"},"sameAs":["https:\/\/www.facebook.com\/Cafe.de.lEspace\/"]},{"@type":"Person","@id":"https:\/\/cafedelespace.com\/#\/schema\/person\/f9fc8028d82260f4b8da6d717881ed0c","name":"animation","image":{"@type":"ImageObject","inLanguage":"fr-FR","@id":"https:\/\/secure.gravatar.com\/avatar\/58751f777ed4b9efaea83cfa49d063a6860235226a02165cc8c73a7675e9eea2?s=96&d=mm&r=g","url":"https:\/\/secure.gravatar.com\/avatar\/58751f777ed4b9efaea83cfa49d063a6860235226a02165cc8c73a7675e9eea2?s=96&d=mm&r=g","contentUrl":"https:\/\/secure.gravatar.com\/avatar\/58751f777ed4b9efaea83cfa49d063a6860235226a02165cc8c73a7675e9eea2?s=96&d=mm&r=g","caption":"animation"}}]}},"_links":{"self":[{"href":"https:\/\/cafedelespace.com\/index.php\/wp-json\/wp\/v2\/posts\/2022","targetHints":{"allow":["GET"]}}],"collection":[{"href":"https:\/\/cafedelespace.com\/index.php\/wp-json\/wp\/v2\/posts"}],"about":[{"href":"https:\/\/cafedelespace.com\/index.php\/wp-json\/wp\/v2\/types\/post"}],"author":[{"embeddable":true,"href":"https:\/\/cafedelespace.com\/index.php\/wp-json\/wp\/v2\/users\/3"}],"replies":[{"embeddable":true,"href":"https:\/\/cafedelespace.com\/index.php\/wp-json\/wp\/v2\/comments?post=2022"}],"version-history":[{"count":1,"href":"https:\/\/cafedelespace.com\/index.php\/wp-json\/wp\/v2\/posts\/2022\/revisions"}],"predecessor-version":[{"id":2024,"href":"https:\/\/cafedelespace.com\/index.php\/wp-json\/wp\/v2\/posts\/2022\/revisions\/2024"}],"wp:featuredmedia":[{"embeddable":true,"href":"https:\/\/cafedelespace.com\/index.php\/wp-json\/wp\/v2\/media\/2023"}],"wp:attachment":[{"href":"https:\/\/cafedelespace.com\/index.php\/wp-json\/wp\/v2\/media?parent=2022"}],"wp:term":[{"taxonomy":"category","embeddable":true,"href":"https:\/\/cafedelespace.com\/index.php\/wp-json\/wp\/v2\/categories?post=2022"},{"taxonomy":"post_tag","embeddable":true,"href":"https:\/\/cafedelespace.com\/index.php\/wp-json\/wp\/v2\/tags?post=2022"}],"curies":[{"name":"wp","href":"https:\/\/api.w.org\/{rel}","templated":true}]}}