{"id":1977,"date":"2025-08-07T20:01:57","date_gmt":"2025-08-07T18:01:57","guid":{"rendered":"https:\/\/cafedelespace.com\/?p=1977"},"modified":"2025-08-07T20:01:57","modified_gmt":"2025-08-07T18:01:57","slug":"volcie-et-la-fobosine-13-aout","status":"publish","type":"post","link":"https:\/\/cafedelespace.com\/index.php\/2025\/08\/07\/volcie-et-la-fobosine-13-aout\/","title":{"rendered":"Volcie et la Fobosine &#8211; 13 ao\u00fbt"},"content":{"rendered":"\n<p>Volcie et la Fobosine raconte l\u2019histoire d\u2019un monde enseveli sous une \u00e9paisse couche de poudre blanche, la Fobosine. Cette \u00e9trange mati\u00e8re formant une \u00e9paisse cro\u00fbte blanche et recouvrant l\u2019int\u00e9gralit\u00e9 de la soci\u00e9t\u00e9, a emprisonn\u00e9 toutes les esp\u00e8ces de plantes et animaux ne correspondant pas aux normes de cette m\u00eame soci\u00e9t\u00e9. C\u2019est pourquoi une partie du langage s\u2019est congel\u00e9.<\/p>\n\n\n\n<p>C&rsquo;est un conte \u00e9cologique et fantastique qui interroge la relation que les Humains entretiennent avec leur<br>environnement. C\u2019est un conte musical \u00e0 cheval entre l\u2019\u00e9pop\u00e9e fantastique et le documentaire animalier m\u00ealant musique et th\u00e9\u00e2tre.<\/p>\n\n\n\n<p>Conte musical, \u00e0 17h, \u00e0 partir de 7 ans, prix libre et conscient<br><\/p>\n","protected":false},"excerpt":{"rendered":"<p>Volcie et la Fobosine raconte l\u2019histoire d\u2019un monde enseveli sous une \u00e9paisse couche de poudre blanche, la Fobosine. Cette \u00e9trange mati\u00e8re formant une \u00e9paisse cro\u00fbte blanche et recouvrant l\u2019int\u00e9gralit\u00e9 de la soci\u00e9t\u00e9, a emprisonn\u00e9 toutes les esp\u00e8ces de plantes et animaux ne correspondant pas aux normes de cette m\u00eame soci\u00e9t\u00e9. C\u2019est pourquoi une partie du &hellip; <\/p>\n","protected":false},"author":3,"featured_media":1978,"comment_status":"closed","ping_status":"closed","sticky":false,"template":"","format":"standard","meta":{"footnotes":""},"categories":[7],"tags":[],"class_list":["post-1977","post","type-post","status-publish","format-standard","has-post-thumbnail","hentry","category-animation","latest_post"],"yoast_head":"<!-- This site is optimized with the Yoast SEO plugin v27.2 - https:\/\/yoast.com\/product\/yoast-seo-wordpress\/ -->\n<title>Volcie et la Fobosine - 13 ao\u00fbt &#8212; Le Caf\u00e9 de l&#039;Espace<\/title>\n<meta name=\"robots\" content=\"index, follow, max-snippet:-1, max-image-preview:large, max-video-preview:-1\" \/>\n<link rel=\"canonical\" href=\"https:\/\/cafedelespace.com\/index.php\/2025\/08\/07\/volcie-et-la-fobosine-13-aout\/\" \/>\n<meta property=\"og:locale\" content=\"fr_FR\" \/>\n<meta property=\"og:type\" content=\"article\" \/>\n<meta property=\"og:title\" content=\"Volcie et la Fobosine - 13 ao\u00fbt &#8212; Le Caf\u00e9 de l&#039;Espace\" \/>\n<meta property=\"og:description\" content=\"Volcie et la Fobosine raconte l\u2019histoire d\u2019un monde enseveli sous une \u00e9paisse couche de poudre blanche, la Fobosine. Cette \u00e9trange mati\u00e8re formant une \u00e9paisse cro\u00fbte blanche et recouvrant l\u2019int\u00e9gralit\u00e9 de la soci\u00e9t\u00e9, a emprisonn\u00e9 toutes les esp\u00e8ces de plantes et animaux ne correspondant pas aux normes de cette m\u00eame soci\u00e9t\u00e9. C\u2019est pourquoi une partie du &hellip;\" \/>\n<meta property=\"og:url\" content=\"https:\/\/cafedelespace.com\/index.php\/2025\/08\/07\/volcie-et-la-fobosine-13-aout\/\" \/>\n<meta property=\"og:site_name\" content=\"Le Caf\u00e9 de l&#039;Espace\" \/>\n<meta property=\"article:publisher\" content=\"https:\/\/www.facebook.com\/Cafe.de.lEspace\/\" \/>\n<meta property=\"article:published_time\" content=\"2025-08-07T18:01:57+00:00\" \/>\n<meta property=\"og:image\" content=\"https:\/\/cafedelespace.com\/wp-content\/uploads\/2025\/08\/Affiches-animation39-724x1024.png\" \/>\n\t<meta property=\"og:image:width\" content=\"724\" \/>\n\t<meta property=\"og:image:height\" content=\"1024\" \/>\n\t<meta property=\"og:image:type\" content=\"image\/png\" \/>\n<meta name=\"author\" content=\"animation\" \/>\n<meta name=\"twitter:card\" content=\"summary_large_image\" \/>\n<meta name=\"twitter:label1\" content=\"\u00c9crit par\" \/>\n\t<meta name=\"twitter:data1\" content=\"animation\" \/>\n\t<meta name=\"twitter:label2\" content=\"Dur\u00e9e de lecture estim\u00e9e\" \/>\n\t<meta name=\"twitter:data2\" content=\"1 minute\" \/>\n<script type=\"application\/ld+json\" class=\"yoast-schema-graph\">{\"@context\":\"https:\/\/schema.org\",\"@graph\":[{\"@type\":\"Article\",\"@id\":\"https:\/\/cafedelespace.com\/index.php\/2025\/08\/07\/volcie-et-la-fobosine-13-aout\/#article\",\"isPartOf\":{\"@id\":\"https:\/\/cafedelespace.com\/index.php\/2025\/08\/07\/volcie-et-la-fobosine-13-aout\/\"},\"author\":{\"name\":\"animation\",\"@id\":\"https:\/\/cafedelespace.com\/#\/schema\/person\/f9fc8028d82260f4b8da6d717881ed0c\"},\"headline\":\"Volcie et la Fobosine &#8211; 13 ao\u00fbt\",\"datePublished\":\"2025-08-07T18:01:57+00:00\",\"mainEntityOfPage\":{\"@id\":\"https:\/\/cafedelespace.com\/index.php\/2025\/08\/07\/volcie-et-la-fobosine-13-aout\/\"},\"wordCount\":124,\"publisher\":{\"@id\":\"https:\/\/cafedelespace.com\/#organization\"},\"image\":{\"@id\":\"https:\/\/cafedelespace.com\/index.php\/2025\/08\/07\/volcie-et-la-fobosine-13-aout\/#primaryimage\"},\"thumbnailUrl\":\"https:\/\/cafedelespace.com\/wp-content\/uploads\/2025\/08\/Affiches-animation39.png\",\"articleSection\":[\"Animation\"],\"inLanguage\":\"fr-FR\"},{\"@type\":\"WebPage\",\"@id\":\"https:\/\/cafedelespace.com\/index.php\/2025\/08\/07\/volcie-et-la-fobosine-13-aout\/\",\"url\":\"https:\/\/cafedelespace.com\/index.php\/2025\/08\/07\/volcie-et-la-fobosine-13-aout\/\",\"name\":\"Volcie et la Fobosine - 13 ao\u00fbt &#8212; Le Caf\u00e9 de l&#039;Espace\",\"isPartOf\":{\"@id\":\"https:\/\/cafedelespace.com\/#website\"},\"primaryImageOfPage\":{\"@id\":\"https:\/\/cafedelespace.com\/index.php\/2025\/08\/07\/volcie-et-la-fobosine-13-aout\/#primaryimage\"},\"image\":{\"@id\":\"https:\/\/cafedelespace.com\/index.php\/2025\/08\/07\/volcie-et-la-fobosine-13-aout\/#primaryimage\"},\"thumbnailUrl\":\"https:\/\/cafedelespace.com\/wp-content\/uploads\/2025\/08\/Affiches-animation39.png\",\"datePublished\":\"2025-08-07T18:01:57+00:00\",\"breadcrumb\":{\"@id\":\"https:\/\/cafedelespace.com\/index.php\/2025\/08\/07\/volcie-et-la-fobosine-13-aout\/#breadcrumb\"},\"inLanguage\":\"fr-FR\",\"potentialAction\":[{\"@type\":\"ReadAction\",\"target\":[\"https:\/\/cafedelespace.com\/index.php\/2025\/08\/07\/volcie-et-la-fobosine-13-aout\/\"]}]},{\"@type\":\"ImageObject\",\"inLanguage\":\"fr-FR\",\"@id\":\"https:\/\/cafedelespace.com\/index.php\/2025\/08\/07\/volcie-et-la-fobosine-13-aout\/#primaryimage\",\"url\":\"https:\/\/cafedelespace.com\/wp-content\/uploads\/2025\/08\/Affiches-animation39.png\",\"contentUrl\":\"https:\/\/cafedelespace.com\/wp-content\/uploads\/2025\/08\/Affiches-animation39.png\",\"width\":1414,\"height\":2000},{\"@type\":\"BreadcrumbList\",\"@id\":\"https:\/\/cafedelespace.com\/index.php\/2025\/08\/07\/volcie-et-la-fobosine-13-aout\/#breadcrumb\",\"itemListElement\":[{\"@type\":\"ListItem\",\"position\":1,\"name\":\"Accueil\",\"item\":\"https:\/\/cafedelespace.com\/\"},{\"@type\":\"ListItem\",\"position\":2,\"name\":\"Volcie et la Fobosine &#8211; 13 ao\u00fbt\"}]},{\"@type\":\"WebSite\",\"@id\":\"https:\/\/cafedelespace.com\/#website\",\"url\":\"https:\/\/cafedelespace.com\/\",\"name\":\"Le Caf\u00e9 de l Espace - Espace Associatif Alain Fauriaux\",\"description\":\"Espace Associatif Alain Fauriaux\",\"publisher\":{\"@id\":\"https:\/\/cafedelespace.com\/#organization\"},\"potentialAction\":[{\"@type\":\"SearchAction\",\"target\":{\"@type\":\"EntryPoint\",\"urlTemplate\":\"https:\/\/cafedelespace.com\/?s={search_term_string}\"},\"query-input\":{\"@type\":\"PropertyValueSpecification\",\"valueRequired\":true,\"valueName\":\"search_term_string\"}}],\"inLanguage\":\"fr-FR\"},{\"@type\":\"Organization\",\"@id\":\"https:\/\/cafedelespace.com\/#organization\",\"name\":\"Caf\u00e9 de l'Espace\",\"url\":\"https:\/\/cafedelespace.com\/\",\"logo\":{\"@type\":\"ImageObject\",\"inLanguage\":\"fr-FR\",\"@id\":\"https:\/\/cafedelespace.com\/#\/schema\/logo\/image\/\",\"url\":\"https:\/\/cafedelespace.com\/wp-content\/uploads\/2020\/04\/logo-peinture.png\",\"contentUrl\":\"https:\/\/cafedelespace.com\/wp-content\/uploads\/2020\/04\/logo-peinture.png\",\"width\":500,\"height\":500,\"caption\":\"Caf\u00e9 de l'Espace\"},\"image\":{\"@id\":\"https:\/\/cafedelespace.com\/#\/schema\/logo\/image\/\"},\"sameAs\":[\"https:\/\/www.facebook.com\/Cafe.de.lEspace\/\"]},{\"@type\":\"Person\",\"@id\":\"https:\/\/cafedelespace.com\/#\/schema\/person\/f9fc8028d82260f4b8da6d717881ed0c\",\"name\":\"animation\",\"image\":{\"@type\":\"ImageObject\",\"inLanguage\":\"fr-FR\",\"@id\":\"https:\/\/secure.gravatar.com\/avatar\/58751f777ed4b9efaea83cfa49d063a6860235226a02165cc8c73a7675e9eea2?s=96&d=mm&r=g\",\"url\":\"https:\/\/secure.gravatar.com\/avatar\/58751f777ed4b9efaea83cfa49d063a6860235226a02165cc8c73a7675e9eea2?s=96&d=mm&r=g\",\"contentUrl\":\"https:\/\/secure.gravatar.com\/avatar\/58751f777ed4b9efaea83cfa49d063a6860235226a02165cc8c73a7675e9eea2?s=96&d=mm&r=g\",\"caption\":\"animation\"}}]}<\/script>\n<!-- \/ Yoast SEO plugin. -->","yoast_head_json":{"title":"Volcie et la Fobosine - 13 ao\u00fbt &#8212; Le Caf\u00e9 de l&#039;Espace","robots":{"index":"index","follow":"follow","max-snippet":"max-snippet:-1","max-image-preview":"max-image-preview:large","max-video-preview":"max-video-preview:-1"},"canonical":"https:\/\/cafedelespace.com\/index.php\/2025\/08\/07\/volcie-et-la-fobosine-13-aout\/","og_locale":"fr_FR","og_type":"article","og_title":"Volcie et la Fobosine - 13 ao\u00fbt &#8212; Le Caf\u00e9 de l&#039;Espace","og_description":"Volcie et la Fobosine raconte l\u2019histoire d\u2019un monde enseveli sous une \u00e9paisse couche de poudre blanche, la Fobosine. Cette \u00e9trange mati\u00e8re formant une \u00e9paisse cro\u00fbte blanche et recouvrant l\u2019int\u00e9gralit\u00e9 de la soci\u00e9t\u00e9, a emprisonn\u00e9 toutes les esp\u00e8ces de plantes et animaux ne correspondant pas aux normes de cette m\u00eame soci\u00e9t\u00e9. C\u2019est pourquoi une partie du &hellip;","og_url":"https:\/\/cafedelespace.com\/index.php\/2025\/08\/07\/volcie-et-la-fobosine-13-aout\/","og_site_name":"Le Caf\u00e9 de l&#039;Espace","article_publisher":"https:\/\/www.facebook.com\/Cafe.de.lEspace\/","article_published_time":"2025-08-07T18:01:57+00:00","og_image":[{"width":724,"height":1024,"url":"https:\/\/cafedelespace.com\/wp-content\/uploads\/2025\/08\/Affiches-animation39-724x1024.png","type":"image\/png"}],"author":"animation","twitter_card":"summary_large_image","twitter_misc":{"\u00c9crit par":"animation","Dur\u00e9e de lecture estim\u00e9e":"1 minute"},"schema":{"@context":"https:\/\/schema.org","@graph":[{"@type":"Article","@id":"https:\/\/cafedelespace.com\/index.php\/2025\/08\/07\/volcie-et-la-fobosine-13-aout\/#article","isPartOf":{"@id":"https:\/\/cafedelespace.com\/index.php\/2025\/08\/07\/volcie-et-la-fobosine-13-aout\/"},"author":{"name":"animation","@id":"https:\/\/cafedelespace.com\/#\/schema\/person\/f9fc8028d82260f4b8da6d717881ed0c"},"headline":"Volcie et la Fobosine &#8211; 13 ao\u00fbt","datePublished":"2025-08-07T18:01:57+00:00","mainEntityOfPage":{"@id":"https:\/\/cafedelespace.com\/index.php\/2025\/08\/07\/volcie-et-la-fobosine-13-aout\/"},"wordCount":124,"publisher":{"@id":"https:\/\/cafedelespace.com\/#organization"},"image":{"@id":"https:\/\/cafedelespace.com\/index.php\/2025\/08\/07\/volcie-et-la-fobosine-13-aout\/#primaryimage"},"thumbnailUrl":"https:\/\/cafedelespace.com\/wp-content\/uploads\/2025\/08\/Affiches-animation39.png","articleSection":["Animation"],"inLanguage":"fr-FR"},{"@type":"WebPage","@id":"https:\/\/cafedelespace.com\/index.php\/2025\/08\/07\/volcie-et-la-fobosine-13-aout\/","url":"https:\/\/cafedelespace.com\/index.php\/2025\/08\/07\/volcie-et-la-fobosine-13-aout\/","name":"Volcie et la Fobosine - 13 ao\u00fbt &#8212; Le Caf\u00e9 de l&#039;Espace","isPartOf":{"@id":"https:\/\/cafedelespace.com\/#website"},"primaryImageOfPage":{"@id":"https:\/\/cafedelespace.com\/index.php\/2025\/08\/07\/volcie-et-la-fobosine-13-aout\/#primaryimage"},"image":{"@id":"https:\/\/cafedelespace.com\/index.php\/2025\/08\/07\/volcie-et-la-fobosine-13-aout\/#primaryimage"},"thumbnailUrl":"https:\/\/cafedelespace.com\/wp-content\/uploads\/2025\/08\/Affiches-animation39.png","datePublished":"2025-08-07T18:01:57+00:00","breadcrumb":{"@id":"https:\/\/cafedelespace.com\/index.php\/2025\/08\/07\/volcie-et-la-fobosine-13-aout\/#breadcrumb"},"inLanguage":"fr-FR","potentialAction":[{"@type":"ReadAction","target":["https:\/\/cafedelespace.com\/index.php\/2025\/08\/07\/volcie-et-la-fobosine-13-aout\/"]}]},{"@type":"ImageObject","inLanguage":"fr-FR","@id":"https:\/\/cafedelespace.com\/index.php\/2025\/08\/07\/volcie-et-la-fobosine-13-aout\/#primaryimage","url":"https:\/\/cafedelespace.com\/wp-content\/uploads\/2025\/08\/Affiches-animation39.png","contentUrl":"https:\/\/cafedelespace.com\/wp-content\/uploads\/2025\/08\/Affiches-animation39.png","width":1414,"height":2000},{"@type":"BreadcrumbList","@id":"https:\/\/cafedelespace.com\/index.php\/2025\/08\/07\/volcie-et-la-fobosine-13-aout\/#breadcrumb","itemListElement":[{"@type":"ListItem","position":1,"name":"Accueil","item":"https:\/\/cafedelespace.com\/"},{"@type":"ListItem","position":2,"name":"Volcie et la Fobosine &#8211; 13 ao\u00fbt"}]},{"@type":"WebSite","@id":"https:\/\/cafedelespace.com\/#website","url":"https:\/\/cafedelespace.com\/","name":"Le Caf\u00e9 de l Espace - Espace Associatif Alain Fauriaux","description":"Espace Associatif Alain Fauriaux","publisher":{"@id":"https:\/\/cafedelespace.com\/#organization"},"potentialAction":[{"@type":"SearchAction","target":{"@type":"EntryPoint","urlTemplate":"https:\/\/cafedelespace.com\/?s={search_term_string}"},"query-input":{"@type":"PropertyValueSpecification","valueRequired":true,"valueName":"search_term_string"}}],"inLanguage":"fr-FR"},{"@type":"Organization","@id":"https:\/\/cafedelespace.com\/#organization","name":"Caf\u00e9 de l'Espace","url":"https:\/\/cafedelespace.com\/","logo":{"@type":"ImageObject","inLanguage":"fr-FR","@id":"https:\/\/cafedelespace.com\/#\/schema\/logo\/image\/","url":"https:\/\/cafedelespace.com\/wp-content\/uploads\/2020\/04\/logo-peinture.png","contentUrl":"https:\/\/cafedelespace.com\/wp-content\/uploads\/2020\/04\/logo-peinture.png","width":500,"height":500,"caption":"Caf\u00e9 de l'Espace"},"image":{"@id":"https:\/\/cafedelespace.com\/#\/schema\/logo\/image\/"},"sameAs":["https:\/\/www.facebook.com\/Cafe.de.lEspace\/"]},{"@type":"Person","@id":"https:\/\/cafedelespace.com\/#\/schema\/person\/f9fc8028d82260f4b8da6d717881ed0c","name":"animation","image":{"@type":"ImageObject","inLanguage":"fr-FR","@id":"https:\/\/secure.gravatar.com\/avatar\/58751f777ed4b9efaea83cfa49d063a6860235226a02165cc8c73a7675e9eea2?s=96&d=mm&r=g","url":"https:\/\/secure.gravatar.com\/avatar\/58751f777ed4b9efaea83cfa49d063a6860235226a02165cc8c73a7675e9eea2?s=96&d=mm&r=g","contentUrl":"https:\/\/secure.gravatar.com\/avatar\/58751f777ed4b9efaea83cfa49d063a6860235226a02165cc8c73a7675e9eea2?s=96&d=mm&r=g","caption":"animation"}}]}},"_links":{"self":[{"href":"https:\/\/cafedelespace.com\/index.php\/wp-json\/wp\/v2\/posts\/1977","targetHints":{"allow":["GET"]}}],"collection":[{"href":"https:\/\/cafedelespace.com\/index.php\/wp-json\/wp\/v2\/posts"}],"about":[{"href":"https:\/\/cafedelespace.com\/index.php\/wp-json\/wp\/v2\/types\/post"}],"author":[{"embeddable":true,"href":"https:\/\/cafedelespace.com\/index.php\/wp-json\/wp\/v2\/users\/3"}],"replies":[{"embeddable":true,"href":"https:\/\/cafedelespace.com\/index.php\/wp-json\/wp\/v2\/comments?post=1977"}],"version-history":[{"count":1,"href":"https:\/\/cafedelespace.com\/index.php\/wp-json\/wp\/v2\/posts\/1977\/revisions"}],"predecessor-version":[{"id":1979,"href":"https:\/\/cafedelespace.com\/index.php\/wp-json\/wp\/v2\/posts\/1977\/revisions\/1979"}],"wp:featuredmedia":[{"embeddable":true,"href":"https:\/\/cafedelespace.com\/index.php\/wp-json\/wp\/v2\/media\/1978"}],"wp:attachment":[{"href":"https:\/\/cafedelespace.com\/index.php\/wp-json\/wp\/v2\/media?parent=1977"}],"wp:term":[{"taxonomy":"category","embeddable":true,"href":"https:\/\/cafedelespace.com\/index.php\/wp-json\/wp\/v2\/categories?post=1977"},{"taxonomy":"post_tag","embeddable":true,"href":"https:\/\/cafedelespace.com\/index.php\/wp-json\/wp\/v2\/tags?post=1977"}],"curies":[{"name":"wp","href":"https:\/\/api.w.org\/{rel}","templated":true}]}}