{"id":1886,"date":"2025-05-30T15:36:58","date_gmt":"2025-05-30T13:36:58","guid":{"rendered":"https:\/\/cafedelespace.com\/?p=1886"},"modified":"2025-06-10T17:56:51","modified_gmt":"2025-06-10T15:56:51","slug":"mini-festoch-de-lespace","status":"publish","type":"post","link":"https:\/\/cafedelespace.com\/index.php\/2025\/05\/30\/mini-festoch-de-lespace\/","title":{"rendered":"MINI FESTOCH&rsquo; DE L&rsquo;ESPACE"},"content":{"rendered":"\n<p>THE Minifestoch\u2019 de l\u2019Espace 2025 is BACK, il aura lieu le samedi 28 juin en lieu et place du Caf\u00e9 de l\u2019Espace de Flayat !!!<\/p>\n\n\n\n<p>\u00c9dition 2025 nouvelle formule, on concentre le meilleur sur une seule journ\u00e9e avec:<\/p>\n\n\n\n<p>-Des concerts \u00e0 l\u2019int\u00e9rieur du caf\u00e9 avec les Rockdozer de \u00abMadam\u00bb, les furieuses de \u00abQuai des garces\u00bb et les d\u00e9jant\u00e9es de \u00abCitron Sucr\u00e9\u00bb. C\u2019est Rock, c\u2019est punch, c\u2019est le minifestoch\u2019 \u00ab Punch\u2019Rock \u00bb \u00e0 Flayat cette ann\u00e9e.<\/p>\n\n\n\n<p>-A la guinguette, pour nous ravir, nous faire rire la fanfare \u00abPierre et fils.\u00bb Pierres et Fils joue de l\u2019instantan\u00e9it\u00e9 du moment et cherche \u00e0 graver quelques jolis souvenirs dans les yeux et les oreilles des petit.e.s et grand.e.s!!<\/p>\n\n\n\n<p>-Le spectacle de magie \u00ab Las Vegas \u00e9ternel \u00bb de la compagnie \u00abLes chevaliers d&rsquo;industrie\u00bb ouvrira le festival d\u00e8s 16h.<\/p>\n\n\n\n<p>-Pour vous restaurer nos plus fid\u00e8les food truck seront de la f\u00eate \u00e0 savoir \u00ab Les dr\u00f4les de Damas \u00bb(cuisine syrienne), \u00ab Rock Burger \u00bb Burger, bubble tea, bubble gauffre), et Belle-Ile en Creuse ( Les d\u00e9licieuses glaces de Julie au bon Lait de brebis).<\/p>\n\n\n\n<p>-Des animations. ( atelier magie sur r\u00e9servation)<\/p>\n\n\n\n<p>-Une tatoueuse.<\/p>\n\n\n\n<p>-Des b\u00e9n\u00e9voles au grand c\u0153ur<\/p>\n\n\n\n<p>-Un camping<\/p>\n\n\n\n<p>-Des rires<\/p>\n\n\n\n<p>-De la bi\u00e8re<\/p>\n\n\n\n<p>-Un public ch\u00e9ri !!!!!<\/p>\n\n\n\n<p>All\u00e9 Coeur avec les doigts les spacien-nes, on retient la date le samedi 28 Juin. \u00c0 Flayat<\/p>\n\n\n\n<p>Tarif : 5\u20ac pour le spectacle de magie seulement pour tout les \u00e2ges \/ Pour l\u2019ensemble de la programmation 18\u20ac (ou 14\u20ac adh\u00e9rent) les festivit\u00e9s sont gratuites pour les moins de 14 ans.<\/p>\n\n\n\n<p>Pour prendre vos places d\u00e8s maintenant :<\/p>\n\n\n\n<p><a href=\"https:\/\/www.helloasso.com\/associations\/cafe-de-l-espace-espace-associatif-alain-fauriau\/evenements\/mini-festoch-2025\">https:\/\/www.helloasso.com\/associations\/cafe-de-l-espace-espace-associatif-alain-fauriau\/evenements\/mini-festoch-2025<\/a><\/p>\n\n\n\n<p><\/p>\n","protected":false},"excerpt":{"rendered":"<p>THE Minifestoch\u2019 de l\u2019Espace 2025 is BACK, il aura lieu le samedi 28 juin en lieu et place du Caf\u00e9 de l\u2019Espace de Flayat !!! \u00c9dition 2025 nouvelle formule, on concentre le meilleur sur une seule journ\u00e9e avec: -Des concerts \u00e0 l\u2019int\u00e9rieur du caf\u00e9 avec les Rockdozer de \u00abMadam\u00bb, les furieuses de \u00abQuai des garces\u00bb &hellip; <\/p>\n","protected":false},"author":3,"featured_media":1887,"comment_status":"closed","ping_status":"closed","sticky":false,"template":"","format":"standard","meta":{"footnotes":""},"categories":[7,3],"tags":[],"class_list":["post-1886","post","type-post","status-publish","format-standard","has-post-thumbnail","hentry","category-animation","category-concert","latest_post"],"yoast_head":"<!-- This site is optimized with the Yoast SEO plugin v27.2 - https:\/\/yoast.com\/product\/yoast-seo-wordpress\/ -->\n<title>MINI FESTOCH&#039; DE L&#039;ESPACE &#8212; Le Caf\u00e9 de l&#039;Espace<\/title>\n<meta name=\"robots\" content=\"index, follow, max-snippet:-1, max-image-preview:large, max-video-preview:-1\" \/>\n<link rel=\"canonical\" href=\"https:\/\/cafedelespace.com\/index.php\/2025\/05\/30\/mini-festoch-de-lespace\/\" \/>\n<meta property=\"og:locale\" content=\"fr_FR\" \/>\n<meta property=\"og:type\" content=\"article\" \/>\n<meta property=\"og:title\" content=\"MINI FESTOCH&#039; DE L&#039;ESPACE &#8212; Le Caf\u00e9 de l&#039;Espace\" \/>\n<meta property=\"og:description\" content=\"THE Minifestoch\u2019 de l\u2019Espace 2025 is BACK, il aura lieu le samedi 28 juin en lieu et place du Caf\u00e9 de l\u2019Espace de Flayat !!! \u00c9dition 2025 nouvelle formule, on concentre le meilleur sur une seule journ\u00e9e avec: -Des concerts \u00e0 l\u2019int\u00e9rieur du caf\u00e9 avec les Rockdozer de \u00abMadam\u00bb, les furieuses de \u00abQuai des garces\u00bb &hellip;\" \/>\n<meta property=\"og:url\" content=\"https:\/\/cafedelespace.com\/index.php\/2025\/05\/30\/mini-festoch-de-lespace\/\" \/>\n<meta property=\"og:site_name\" content=\"Le Caf\u00e9 de l&#039;Espace\" \/>\n<meta property=\"article:publisher\" content=\"https:\/\/www.facebook.com\/Cafe.de.lEspace\/\" \/>\n<meta property=\"article:published_time\" content=\"2025-05-30T13:36:58+00:00\" \/>\n<meta property=\"article:modified_time\" content=\"2025-06-10T15:56:51+00:00\" \/>\n<meta name=\"author\" content=\"animation\" \/>\n<meta name=\"twitter:card\" content=\"summary_large_image\" \/>\n<meta name=\"twitter:image\" content=\"https:\/\/cafedelespace.com\/wp-content\/uploads\/2025\/05\/MeP2-copie-copie.jpg\" \/>\n<meta name=\"twitter:label1\" content=\"\u00c9crit par\" \/>\n\t<meta name=\"twitter:data1\" content=\"animation\" \/>\n\t<meta name=\"twitter:label2\" content=\"Dur\u00e9e de lecture estim\u00e9e\" \/>\n\t<meta name=\"twitter:data2\" content=\"1 minute\" \/>\n<script type=\"application\/ld+json\" class=\"yoast-schema-graph\">{\"@context\":\"https:\/\/schema.org\",\"@graph\":[{\"@type\":\"Article\",\"@id\":\"https:\/\/cafedelespace.com\/index.php\/2025\/05\/30\/mini-festoch-de-lespace\/#article\",\"isPartOf\":{\"@id\":\"https:\/\/cafedelespace.com\/index.php\/2025\/05\/30\/mini-festoch-de-lespace\/\"},\"author\":{\"name\":\"animation\",\"@id\":\"https:\/\/cafedelespace.com\/#\/schema\/person\/f9fc8028d82260f4b8da6d717881ed0c\"},\"headline\":\"MINI FESTOCH&rsquo; DE L&rsquo;ESPACE\",\"datePublished\":\"2025-05-30T13:36:58+00:00\",\"dateModified\":\"2025-06-10T15:56:51+00:00\",\"mainEntityOfPage\":{\"@id\":\"https:\/\/cafedelespace.com\/index.php\/2025\/05\/30\/mini-festoch-de-lespace\/\"},\"wordCount\":279,\"publisher\":{\"@id\":\"https:\/\/cafedelespace.com\/#organization\"},\"image\":{\"@id\":\"https:\/\/cafedelespace.com\/index.php\/2025\/05\/30\/mini-festoch-de-lespace\/#primaryimage\"},\"thumbnailUrl\":\"https:\/\/cafedelespace.com\/wp-content\/uploads\/2025\/05\/MeP2-copie-copie.jpg\",\"articleSection\":[\"Animation\",\"Concert\"],\"inLanguage\":\"fr-FR\"},{\"@type\":\"WebPage\",\"@id\":\"https:\/\/cafedelespace.com\/index.php\/2025\/05\/30\/mini-festoch-de-lespace\/\",\"url\":\"https:\/\/cafedelespace.com\/index.php\/2025\/05\/30\/mini-festoch-de-lespace\/\",\"name\":\"MINI FESTOCH' DE L'ESPACE &#8212; Le Caf\u00e9 de l&#039;Espace\",\"isPartOf\":{\"@id\":\"https:\/\/cafedelespace.com\/#website\"},\"primaryImageOfPage\":{\"@id\":\"https:\/\/cafedelespace.com\/index.php\/2025\/05\/30\/mini-festoch-de-lespace\/#primaryimage\"},\"image\":{\"@id\":\"https:\/\/cafedelespace.com\/index.php\/2025\/05\/30\/mini-festoch-de-lespace\/#primaryimage\"},\"thumbnailUrl\":\"https:\/\/cafedelespace.com\/wp-content\/uploads\/2025\/05\/MeP2-copie-copie.jpg\",\"datePublished\":\"2025-05-30T13:36:58+00:00\",\"dateModified\":\"2025-06-10T15:56:51+00:00\",\"breadcrumb\":{\"@id\":\"https:\/\/cafedelespace.com\/index.php\/2025\/05\/30\/mini-festoch-de-lespace\/#breadcrumb\"},\"inLanguage\":\"fr-FR\",\"potentialAction\":[{\"@type\":\"ReadAction\",\"target\":[\"https:\/\/cafedelespace.com\/index.php\/2025\/05\/30\/mini-festoch-de-lespace\/\"]}]},{\"@type\":\"ImageObject\",\"inLanguage\":\"fr-FR\",\"@id\":\"https:\/\/cafedelespace.com\/index.php\/2025\/05\/30\/mini-festoch-de-lespace\/#primaryimage\",\"url\":\"https:\/\/cafedelespace.com\/wp-content\/uploads\/2025\/05\/MeP2-copie-copie.jpg\",\"contentUrl\":\"https:\/\/cafedelespace.com\/wp-content\/uploads\/2025\/05\/MeP2-copie-copie.jpg\",\"width\":1500,\"height\":2121},{\"@type\":\"BreadcrumbList\",\"@id\":\"https:\/\/cafedelespace.com\/index.php\/2025\/05\/30\/mini-festoch-de-lespace\/#breadcrumb\",\"itemListElement\":[{\"@type\":\"ListItem\",\"position\":1,\"name\":\"Accueil\",\"item\":\"https:\/\/cafedelespace.com\/\"},{\"@type\":\"ListItem\",\"position\":2,\"name\":\"MINI FESTOCH&rsquo; DE L&rsquo;ESPACE\"}]},{\"@type\":\"WebSite\",\"@id\":\"https:\/\/cafedelespace.com\/#website\",\"url\":\"https:\/\/cafedelespace.com\/\",\"name\":\"Le Caf\u00e9 de l Espace - Espace Associatif Alain Fauriaux\",\"description\":\"Espace Associatif Alain Fauriaux\",\"publisher\":{\"@id\":\"https:\/\/cafedelespace.com\/#organization\"},\"potentialAction\":[{\"@type\":\"SearchAction\",\"target\":{\"@type\":\"EntryPoint\",\"urlTemplate\":\"https:\/\/cafedelespace.com\/?s={search_term_string}\"},\"query-input\":{\"@type\":\"PropertyValueSpecification\",\"valueRequired\":true,\"valueName\":\"search_term_string\"}}],\"inLanguage\":\"fr-FR\"},{\"@type\":\"Organization\",\"@id\":\"https:\/\/cafedelespace.com\/#organization\",\"name\":\"Caf\u00e9 de l'Espace\",\"url\":\"https:\/\/cafedelespace.com\/\",\"logo\":{\"@type\":\"ImageObject\",\"inLanguage\":\"fr-FR\",\"@id\":\"https:\/\/cafedelespace.com\/#\/schema\/logo\/image\/\",\"url\":\"https:\/\/cafedelespace.com\/wp-content\/uploads\/2020\/04\/logo-peinture.png\",\"contentUrl\":\"https:\/\/cafedelespace.com\/wp-content\/uploads\/2020\/04\/logo-peinture.png\",\"width\":500,\"height\":500,\"caption\":\"Caf\u00e9 de l'Espace\"},\"image\":{\"@id\":\"https:\/\/cafedelespace.com\/#\/schema\/logo\/image\/\"},\"sameAs\":[\"https:\/\/www.facebook.com\/Cafe.de.lEspace\/\"]},{\"@type\":\"Person\",\"@id\":\"https:\/\/cafedelespace.com\/#\/schema\/person\/f9fc8028d82260f4b8da6d717881ed0c\",\"name\":\"animation\",\"image\":{\"@type\":\"ImageObject\",\"inLanguage\":\"fr-FR\",\"@id\":\"https:\/\/secure.gravatar.com\/avatar\/58751f777ed4b9efaea83cfa49d063a6860235226a02165cc8c73a7675e9eea2?s=96&d=mm&r=g\",\"url\":\"https:\/\/secure.gravatar.com\/avatar\/58751f777ed4b9efaea83cfa49d063a6860235226a02165cc8c73a7675e9eea2?s=96&d=mm&r=g\",\"contentUrl\":\"https:\/\/secure.gravatar.com\/avatar\/58751f777ed4b9efaea83cfa49d063a6860235226a02165cc8c73a7675e9eea2?s=96&d=mm&r=g\",\"caption\":\"animation\"}}]}<\/script>\n<!-- \/ Yoast SEO plugin. -->","yoast_head_json":{"title":"MINI FESTOCH' DE L'ESPACE &#8212; Le Caf\u00e9 de l&#039;Espace","robots":{"index":"index","follow":"follow","max-snippet":"max-snippet:-1","max-image-preview":"max-image-preview:large","max-video-preview":"max-video-preview:-1"},"canonical":"https:\/\/cafedelespace.com\/index.php\/2025\/05\/30\/mini-festoch-de-lespace\/","og_locale":"fr_FR","og_type":"article","og_title":"MINI FESTOCH' DE L'ESPACE &#8212; Le Caf\u00e9 de l&#039;Espace","og_description":"THE Minifestoch\u2019 de l\u2019Espace 2025 is BACK, il aura lieu le samedi 28 juin en lieu et place du Caf\u00e9 de l\u2019Espace de Flayat !!! \u00c9dition 2025 nouvelle formule, on concentre le meilleur sur une seule journ\u00e9e avec: -Des concerts \u00e0 l\u2019int\u00e9rieur du caf\u00e9 avec les Rockdozer de \u00abMadam\u00bb, les furieuses de \u00abQuai des garces\u00bb &hellip;","og_url":"https:\/\/cafedelespace.com\/index.php\/2025\/05\/30\/mini-festoch-de-lespace\/","og_site_name":"Le Caf\u00e9 de l&#039;Espace","article_publisher":"https:\/\/www.facebook.com\/Cafe.de.lEspace\/","article_published_time":"2025-05-30T13:36:58+00:00","article_modified_time":"2025-06-10T15:56:51+00:00","author":"animation","twitter_card":"summary_large_image","twitter_image":"https:\/\/cafedelespace.com\/wp-content\/uploads\/2025\/05\/MeP2-copie-copie.jpg","twitter_misc":{"\u00c9crit par":"animation","Dur\u00e9e de lecture estim\u00e9e":"1 minute"},"schema":{"@context":"https:\/\/schema.org","@graph":[{"@type":"Article","@id":"https:\/\/cafedelespace.com\/index.php\/2025\/05\/30\/mini-festoch-de-lespace\/#article","isPartOf":{"@id":"https:\/\/cafedelespace.com\/index.php\/2025\/05\/30\/mini-festoch-de-lespace\/"},"author":{"name":"animation","@id":"https:\/\/cafedelespace.com\/#\/schema\/person\/f9fc8028d82260f4b8da6d717881ed0c"},"headline":"MINI FESTOCH&rsquo; DE L&rsquo;ESPACE","datePublished":"2025-05-30T13:36:58+00:00","dateModified":"2025-06-10T15:56:51+00:00","mainEntityOfPage":{"@id":"https:\/\/cafedelespace.com\/index.php\/2025\/05\/30\/mini-festoch-de-lespace\/"},"wordCount":279,"publisher":{"@id":"https:\/\/cafedelespace.com\/#organization"},"image":{"@id":"https:\/\/cafedelespace.com\/index.php\/2025\/05\/30\/mini-festoch-de-lespace\/#primaryimage"},"thumbnailUrl":"https:\/\/cafedelespace.com\/wp-content\/uploads\/2025\/05\/MeP2-copie-copie.jpg","articleSection":["Animation","Concert"],"inLanguage":"fr-FR"},{"@type":"WebPage","@id":"https:\/\/cafedelespace.com\/index.php\/2025\/05\/30\/mini-festoch-de-lespace\/","url":"https:\/\/cafedelespace.com\/index.php\/2025\/05\/30\/mini-festoch-de-lespace\/","name":"MINI FESTOCH' DE L'ESPACE &#8212; Le Caf\u00e9 de l&#039;Espace","isPartOf":{"@id":"https:\/\/cafedelespace.com\/#website"},"primaryImageOfPage":{"@id":"https:\/\/cafedelespace.com\/index.php\/2025\/05\/30\/mini-festoch-de-lespace\/#primaryimage"},"image":{"@id":"https:\/\/cafedelespace.com\/index.php\/2025\/05\/30\/mini-festoch-de-lespace\/#primaryimage"},"thumbnailUrl":"https:\/\/cafedelespace.com\/wp-content\/uploads\/2025\/05\/MeP2-copie-copie.jpg","datePublished":"2025-05-30T13:36:58+00:00","dateModified":"2025-06-10T15:56:51+00:00","breadcrumb":{"@id":"https:\/\/cafedelespace.com\/index.php\/2025\/05\/30\/mini-festoch-de-lespace\/#breadcrumb"},"inLanguage":"fr-FR","potentialAction":[{"@type":"ReadAction","target":["https:\/\/cafedelespace.com\/index.php\/2025\/05\/30\/mini-festoch-de-lespace\/"]}]},{"@type":"ImageObject","inLanguage":"fr-FR","@id":"https:\/\/cafedelespace.com\/index.php\/2025\/05\/30\/mini-festoch-de-lespace\/#primaryimage","url":"https:\/\/cafedelespace.com\/wp-content\/uploads\/2025\/05\/MeP2-copie-copie.jpg","contentUrl":"https:\/\/cafedelespace.com\/wp-content\/uploads\/2025\/05\/MeP2-copie-copie.jpg","width":1500,"height":2121},{"@type":"BreadcrumbList","@id":"https:\/\/cafedelespace.com\/index.php\/2025\/05\/30\/mini-festoch-de-lespace\/#breadcrumb","itemListElement":[{"@type":"ListItem","position":1,"name":"Accueil","item":"https:\/\/cafedelespace.com\/"},{"@type":"ListItem","position":2,"name":"MINI FESTOCH&rsquo; DE L&rsquo;ESPACE"}]},{"@type":"WebSite","@id":"https:\/\/cafedelespace.com\/#website","url":"https:\/\/cafedelespace.com\/","name":"Le Caf\u00e9 de l Espace - Espace Associatif Alain Fauriaux","description":"Espace Associatif Alain Fauriaux","publisher":{"@id":"https:\/\/cafedelespace.com\/#organization"},"potentialAction":[{"@type":"SearchAction","target":{"@type":"EntryPoint","urlTemplate":"https:\/\/cafedelespace.com\/?s={search_term_string}"},"query-input":{"@type":"PropertyValueSpecification","valueRequired":true,"valueName":"search_term_string"}}],"inLanguage":"fr-FR"},{"@type":"Organization","@id":"https:\/\/cafedelespace.com\/#organization","name":"Caf\u00e9 de l'Espace","url":"https:\/\/cafedelespace.com\/","logo":{"@type":"ImageObject","inLanguage":"fr-FR","@id":"https:\/\/cafedelespace.com\/#\/schema\/logo\/image\/","url":"https:\/\/cafedelespace.com\/wp-content\/uploads\/2020\/04\/logo-peinture.png","contentUrl":"https:\/\/cafedelespace.com\/wp-content\/uploads\/2020\/04\/logo-peinture.png","width":500,"height":500,"caption":"Caf\u00e9 de l'Espace"},"image":{"@id":"https:\/\/cafedelespace.com\/#\/schema\/logo\/image\/"},"sameAs":["https:\/\/www.facebook.com\/Cafe.de.lEspace\/"]},{"@type":"Person","@id":"https:\/\/cafedelespace.com\/#\/schema\/person\/f9fc8028d82260f4b8da6d717881ed0c","name":"animation","image":{"@type":"ImageObject","inLanguage":"fr-FR","@id":"https:\/\/secure.gravatar.com\/avatar\/58751f777ed4b9efaea83cfa49d063a6860235226a02165cc8c73a7675e9eea2?s=96&d=mm&r=g","url":"https:\/\/secure.gravatar.com\/avatar\/58751f777ed4b9efaea83cfa49d063a6860235226a02165cc8c73a7675e9eea2?s=96&d=mm&r=g","contentUrl":"https:\/\/secure.gravatar.com\/avatar\/58751f777ed4b9efaea83cfa49d063a6860235226a02165cc8c73a7675e9eea2?s=96&d=mm&r=g","caption":"animation"}}]}},"_links":{"self":[{"href":"https:\/\/cafedelespace.com\/index.php\/wp-json\/wp\/v2\/posts\/1886","targetHints":{"allow":["GET"]}}],"collection":[{"href":"https:\/\/cafedelespace.com\/index.php\/wp-json\/wp\/v2\/posts"}],"about":[{"href":"https:\/\/cafedelespace.com\/index.php\/wp-json\/wp\/v2\/types\/post"}],"author":[{"embeddable":true,"href":"https:\/\/cafedelespace.com\/index.php\/wp-json\/wp\/v2\/users\/3"}],"replies":[{"embeddable":true,"href":"https:\/\/cafedelespace.com\/index.php\/wp-json\/wp\/v2\/comments?post=1886"}],"version-history":[{"count":3,"href":"https:\/\/cafedelespace.com\/index.php\/wp-json\/wp\/v2\/posts\/1886\/revisions"}],"predecessor-version":[{"id":1927,"href":"https:\/\/cafedelespace.com\/index.php\/wp-json\/wp\/v2\/posts\/1886\/revisions\/1927"}],"wp:featuredmedia":[{"embeddable":true,"href":"https:\/\/cafedelespace.com\/index.php\/wp-json\/wp\/v2\/media\/1887"}],"wp:attachment":[{"href":"https:\/\/cafedelespace.com\/index.php\/wp-json\/wp\/v2\/media?parent=1886"}],"wp:term":[{"taxonomy":"category","embeddable":true,"href":"https:\/\/cafedelespace.com\/index.php\/wp-json\/wp\/v2\/categories?post=1886"},{"taxonomy":"post_tag","embeddable":true,"href":"https:\/\/cafedelespace.com\/index.php\/wp-json\/wp\/v2\/tags?post=1886"}],"curies":[{"name":"wp","href":"https:\/\/api.w.org\/{rel}","templated":true}]}}