{"id":1616,"date":"2025-03-13T15:41:06","date_gmt":"2025-03-13T14:41:06","guid":{"rendered":"https:\/\/cafedelespace.com\/?p=1616"},"modified":"2025-03-13T15:50:25","modified_gmt":"2025-03-13T14:50:25","slug":"sweet-potato-vine-saint-patrick-vendredi-21-mars","status":"publish","type":"post","link":"https:\/\/cafedelespace.com\/index.php\/2025\/03\/13\/sweet-potato-vine-saint-patrick-vendredi-21-mars\/","title":{"rendered":"Sweet Potato Vine &#8211; Saint Patrick- Vendredi 21 mars &#8211; 21h"},"content":{"rendered":"\n<p>Sweet Potato Vine, c\u2019est Gregg le New Yorkais, L\u00e9a de la Ville Rose, Jake from Indiana et Ma\u00ebl de son potager au bord du Tarn. Sweet Potato Vine est un groupe festif et color\u00e9 qui s\u2019inspire des racines profondes de la musique Folk Am\u00e9ricaine &amp; Old Time tout en ajoutant une touche suppl\u00e9mentaire de fra\u00eecheur et de fun.<\/p>\n\n\n\n<p><strong>21h &#8211; Prix Libre &#8211; Petite restauration &#8211; Bi\u00e8res sp\u00e9ciales !<\/strong><\/p>\n\n\n\n<figure class=\"wp-block-image size-large\"><img fetchpriority=\"high\" decoding=\"async\" width=\"724\" height=\"1024\" src=\"https:\/\/cafedelespace.com\/wp-content\/uploads\/2025\/03\/affiche-concert-29.7-x-42-cm-724x1024.png\" alt=\"\" class=\"wp-image-1617\" srcset=\"https:\/\/cafedelespace.com\/wp-content\/uploads\/2025\/03\/affiche-concert-29.7-x-42-cm-724x1024.png 724w, https:\/\/cafedelespace.com\/wp-content\/uploads\/2025\/03\/affiche-concert-29.7-x-42-cm-212x300.png 212w, https:\/\/cafedelespace.com\/wp-content\/uploads\/2025\/03\/affiche-concert-29.7-x-42-cm-768x1086.png 768w, https:\/\/cafedelespace.com\/wp-content\/uploads\/2025\/03\/affiche-concert-29.7-x-42-cm-1086x1536.png 1086w, https:\/\/cafedelespace.com\/wp-content\/uploads\/2025\/03\/affiche-concert-29.7-x-42-cm-42x60.png 42w, https:\/\/cafedelespace.com\/wp-content\/uploads\/2025\/03\/affiche-concert-29.7-x-42-cm.png 1414w\" sizes=\"(max-width: 724px) 100vw, 724px\" \/><\/figure>\n","protected":false},"excerpt":{"rendered":"<p>Sweet Potato Vine, c\u2019est Gregg le New Yorkais, L\u00e9a de la Ville Rose, Jake from Indiana et Ma\u00ebl de son potager au bord du Tarn. Sweet Potato Vine est un groupe festif et color\u00e9 qui s\u2019inspire des racines profondes de la musique Folk Am\u00e9ricaine &amp; Old Time tout en ajoutant une touche suppl\u00e9mentaire de fra\u00eecheur &hellip; <\/p>\n","protected":false},"author":3,"featured_media":1617,"comment_status":"closed","ping_status":"closed","sticky":false,"template":"","format":"standard","meta":{"footnotes":""},"categories":[3],"tags":[],"class_list":["post-1616","post","type-post","status-publish","format-standard","has-post-thumbnail","hentry","category-concert","latest_post"],"yoast_head":"<!-- This site is optimized with the Yoast SEO plugin v27.2 - https:\/\/yoast.com\/product\/yoast-seo-wordpress\/ -->\n<title>Sweet Potato Vine - Saint Patrick- Vendredi 21 mars - 21h &#8212; Le Caf\u00e9 de l&#039;Espace<\/title>\n<meta name=\"robots\" content=\"index, follow, max-snippet:-1, max-image-preview:large, max-video-preview:-1\" \/>\n<link rel=\"canonical\" href=\"https:\/\/cafedelespace.com\/index.php\/2025\/03\/13\/sweet-potato-vine-saint-patrick-vendredi-21-mars\/\" \/>\n<meta property=\"og:locale\" content=\"fr_FR\" \/>\n<meta property=\"og:type\" content=\"article\" \/>\n<meta property=\"og:title\" content=\"Sweet Potato Vine - Saint Patrick- Vendredi 21 mars - 21h &#8212; Le Caf\u00e9 de l&#039;Espace\" \/>\n<meta property=\"og:description\" content=\"Sweet Potato Vine, c\u2019est Gregg le New Yorkais, L\u00e9a de la Ville Rose, Jake from Indiana et Ma\u00ebl de son potager au bord du Tarn. Sweet Potato Vine est un groupe festif et color\u00e9 qui s\u2019inspire des racines profondes de la musique Folk Am\u00e9ricaine &amp; Old Time tout en ajoutant une touche suppl\u00e9mentaire de fra\u00eecheur &hellip;\" \/>\n<meta property=\"og:url\" content=\"https:\/\/cafedelespace.com\/index.php\/2025\/03\/13\/sweet-potato-vine-saint-patrick-vendredi-21-mars\/\" \/>\n<meta property=\"og:site_name\" content=\"Le Caf\u00e9 de l&#039;Espace\" \/>\n<meta property=\"article:publisher\" content=\"https:\/\/www.facebook.com\/Cafe.de.lEspace\/\" \/>\n<meta property=\"article:published_time\" content=\"2025-03-13T14:41:06+00:00\" \/>\n<meta property=\"article:modified_time\" content=\"2025-03-13T14:50:25+00:00\" \/>\n<meta property=\"og:image\" content=\"https:\/\/cafedelespace.com\/wp-content\/uploads\/2025\/03\/affiche-concert-29.7-x-42-cm-724x1024.png\" \/>\n\t<meta property=\"og:image:width\" content=\"724\" \/>\n\t<meta property=\"og:image:height\" content=\"1024\" \/>\n\t<meta property=\"og:image:type\" content=\"image\/png\" \/>\n<meta name=\"author\" content=\"animation\" \/>\n<meta name=\"twitter:card\" content=\"summary_large_image\" \/>\n<meta name=\"twitter:label1\" content=\"\u00c9crit par\" \/>\n\t<meta name=\"twitter:data1\" content=\"animation\" \/>\n<script type=\"application\/ld+json\" class=\"yoast-schema-graph\">{\"@context\":\"https:\/\/schema.org\",\"@graph\":[{\"@type\":\"Article\",\"@id\":\"https:\/\/cafedelespace.com\/index.php\/2025\/03\/13\/sweet-potato-vine-saint-patrick-vendredi-21-mars\/#article\",\"isPartOf\":{\"@id\":\"https:\/\/cafedelespace.com\/index.php\/2025\/03\/13\/sweet-potato-vine-saint-patrick-vendredi-21-mars\/\"},\"author\":{\"name\":\"animation\",\"@id\":\"https:\/\/cafedelespace.com\/#\/schema\/person\/f9fc8028d82260f4b8da6d717881ed0c\"},\"headline\":\"Sweet Potato Vine &#8211; Saint Patrick- Vendredi 21 mars &#8211; 21h\",\"datePublished\":\"2025-03-13T14:41:06+00:00\",\"dateModified\":\"2025-03-13T14:50:25+00:00\",\"mainEntityOfPage\":{\"@id\":\"https:\/\/cafedelespace.com\/index.php\/2025\/03\/13\/sweet-potato-vine-saint-patrick-vendredi-21-mars\/\"},\"wordCount\":87,\"publisher\":{\"@id\":\"https:\/\/cafedelespace.com\/#organization\"},\"image\":{\"@id\":\"https:\/\/cafedelespace.com\/index.php\/2025\/03\/13\/sweet-potato-vine-saint-patrick-vendredi-21-mars\/#primaryimage\"},\"thumbnailUrl\":\"https:\/\/cafedelespace.com\/wp-content\/uploads\/2025\/03\/affiche-concert-29.7-x-42-cm.png\",\"articleSection\":[\"Concert\"],\"inLanguage\":\"fr-FR\"},{\"@type\":\"WebPage\",\"@id\":\"https:\/\/cafedelespace.com\/index.php\/2025\/03\/13\/sweet-potato-vine-saint-patrick-vendredi-21-mars\/\",\"url\":\"https:\/\/cafedelespace.com\/index.php\/2025\/03\/13\/sweet-potato-vine-saint-patrick-vendredi-21-mars\/\",\"name\":\"Sweet Potato Vine - Saint Patrick- Vendredi 21 mars - 21h &#8212; Le Caf\u00e9 de l&#039;Espace\",\"isPartOf\":{\"@id\":\"https:\/\/cafedelespace.com\/#website\"},\"primaryImageOfPage\":{\"@id\":\"https:\/\/cafedelespace.com\/index.php\/2025\/03\/13\/sweet-potato-vine-saint-patrick-vendredi-21-mars\/#primaryimage\"},\"image\":{\"@id\":\"https:\/\/cafedelespace.com\/index.php\/2025\/03\/13\/sweet-potato-vine-saint-patrick-vendredi-21-mars\/#primaryimage\"},\"thumbnailUrl\":\"https:\/\/cafedelespace.com\/wp-content\/uploads\/2025\/03\/affiche-concert-29.7-x-42-cm.png\",\"datePublished\":\"2025-03-13T14:41:06+00:00\",\"dateModified\":\"2025-03-13T14:50:25+00:00\",\"breadcrumb\":{\"@id\":\"https:\/\/cafedelespace.com\/index.php\/2025\/03\/13\/sweet-potato-vine-saint-patrick-vendredi-21-mars\/#breadcrumb\"},\"inLanguage\":\"fr-FR\",\"potentialAction\":[{\"@type\":\"ReadAction\",\"target\":[\"https:\/\/cafedelespace.com\/index.php\/2025\/03\/13\/sweet-potato-vine-saint-patrick-vendredi-21-mars\/\"]}]},{\"@type\":\"ImageObject\",\"inLanguage\":\"fr-FR\",\"@id\":\"https:\/\/cafedelespace.com\/index.php\/2025\/03\/13\/sweet-potato-vine-saint-patrick-vendredi-21-mars\/#primaryimage\",\"url\":\"https:\/\/cafedelespace.com\/wp-content\/uploads\/2025\/03\/affiche-concert-29.7-x-42-cm.png\",\"contentUrl\":\"https:\/\/cafedelespace.com\/wp-content\/uploads\/2025\/03\/affiche-concert-29.7-x-42-cm.png\",\"width\":1414,\"height\":2000},{\"@type\":\"BreadcrumbList\",\"@id\":\"https:\/\/cafedelespace.com\/index.php\/2025\/03\/13\/sweet-potato-vine-saint-patrick-vendredi-21-mars\/#breadcrumb\",\"itemListElement\":[{\"@type\":\"ListItem\",\"position\":1,\"name\":\"Accueil\",\"item\":\"https:\/\/cafedelespace.com\/\"},{\"@type\":\"ListItem\",\"position\":2,\"name\":\"Sweet Potato Vine &#8211; Saint Patrick- Vendredi 21 mars &#8211; 21h\"}]},{\"@type\":\"WebSite\",\"@id\":\"https:\/\/cafedelespace.com\/#website\",\"url\":\"https:\/\/cafedelespace.com\/\",\"name\":\"Le Caf\u00e9 de l Espace - Espace Associatif Alain Fauriaux\",\"description\":\"Espace Associatif Alain Fauriaux\",\"publisher\":{\"@id\":\"https:\/\/cafedelespace.com\/#organization\"},\"potentialAction\":[{\"@type\":\"SearchAction\",\"target\":{\"@type\":\"EntryPoint\",\"urlTemplate\":\"https:\/\/cafedelespace.com\/?s={search_term_string}\"},\"query-input\":{\"@type\":\"PropertyValueSpecification\",\"valueRequired\":true,\"valueName\":\"search_term_string\"}}],\"inLanguage\":\"fr-FR\"},{\"@type\":\"Organization\",\"@id\":\"https:\/\/cafedelespace.com\/#organization\",\"name\":\"Caf\u00e9 de l'Espace\",\"url\":\"https:\/\/cafedelespace.com\/\",\"logo\":{\"@type\":\"ImageObject\",\"inLanguage\":\"fr-FR\",\"@id\":\"https:\/\/cafedelespace.com\/#\/schema\/logo\/image\/\",\"url\":\"https:\/\/cafedelespace.com\/wp-content\/uploads\/2020\/04\/logo-peinture.png\",\"contentUrl\":\"https:\/\/cafedelespace.com\/wp-content\/uploads\/2020\/04\/logo-peinture.png\",\"width\":500,\"height\":500,\"caption\":\"Caf\u00e9 de l'Espace\"},\"image\":{\"@id\":\"https:\/\/cafedelespace.com\/#\/schema\/logo\/image\/\"},\"sameAs\":[\"https:\/\/www.facebook.com\/Cafe.de.lEspace\/\"]},{\"@type\":\"Person\",\"@id\":\"https:\/\/cafedelespace.com\/#\/schema\/person\/f9fc8028d82260f4b8da6d717881ed0c\",\"name\":\"animation\",\"image\":{\"@type\":\"ImageObject\",\"inLanguage\":\"fr-FR\",\"@id\":\"https:\/\/secure.gravatar.com\/avatar\/58751f777ed4b9efaea83cfa49d063a6860235226a02165cc8c73a7675e9eea2?s=96&d=mm&r=g\",\"url\":\"https:\/\/secure.gravatar.com\/avatar\/58751f777ed4b9efaea83cfa49d063a6860235226a02165cc8c73a7675e9eea2?s=96&d=mm&r=g\",\"contentUrl\":\"https:\/\/secure.gravatar.com\/avatar\/58751f777ed4b9efaea83cfa49d063a6860235226a02165cc8c73a7675e9eea2?s=96&d=mm&r=g\",\"caption\":\"animation\"}}]}<\/script>\n<!-- \/ Yoast SEO plugin. -->","yoast_head_json":{"title":"Sweet Potato Vine - Saint Patrick- Vendredi 21 mars - 21h &#8212; Le Caf\u00e9 de l&#039;Espace","robots":{"index":"index","follow":"follow","max-snippet":"max-snippet:-1","max-image-preview":"max-image-preview:large","max-video-preview":"max-video-preview:-1"},"canonical":"https:\/\/cafedelespace.com\/index.php\/2025\/03\/13\/sweet-potato-vine-saint-patrick-vendredi-21-mars\/","og_locale":"fr_FR","og_type":"article","og_title":"Sweet Potato Vine - Saint Patrick- Vendredi 21 mars - 21h &#8212; Le Caf\u00e9 de l&#039;Espace","og_description":"Sweet Potato Vine, c\u2019est Gregg le New Yorkais, L\u00e9a de la Ville Rose, Jake from Indiana et Ma\u00ebl de son potager au bord du Tarn. Sweet Potato Vine est un groupe festif et color\u00e9 qui s\u2019inspire des racines profondes de la musique Folk Am\u00e9ricaine &amp; Old Time tout en ajoutant une touche suppl\u00e9mentaire de fra\u00eecheur &hellip;","og_url":"https:\/\/cafedelespace.com\/index.php\/2025\/03\/13\/sweet-potato-vine-saint-patrick-vendredi-21-mars\/","og_site_name":"Le Caf\u00e9 de l&#039;Espace","article_publisher":"https:\/\/www.facebook.com\/Cafe.de.lEspace\/","article_published_time":"2025-03-13T14:41:06+00:00","article_modified_time":"2025-03-13T14:50:25+00:00","og_image":[{"width":724,"height":1024,"url":"https:\/\/cafedelespace.com\/wp-content\/uploads\/2025\/03\/affiche-concert-29.7-x-42-cm-724x1024.png","type":"image\/png"}],"author":"animation","twitter_card":"summary_large_image","twitter_misc":{"\u00c9crit par":"animation"},"schema":{"@context":"https:\/\/schema.org","@graph":[{"@type":"Article","@id":"https:\/\/cafedelespace.com\/index.php\/2025\/03\/13\/sweet-potato-vine-saint-patrick-vendredi-21-mars\/#article","isPartOf":{"@id":"https:\/\/cafedelespace.com\/index.php\/2025\/03\/13\/sweet-potato-vine-saint-patrick-vendredi-21-mars\/"},"author":{"name":"animation","@id":"https:\/\/cafedelespace.com\/#\/schema\/person\/f9fc8028d82260f4b8da6d717881ed0c"},"headline":"Sweet Potato Vine &#8211; Saint Patrick- Vendredi 21 mars &#8211; 21h","datePublished":"2025-03-13T14:41:06+00:00","dateModified":"2025-03-13T14:50:25+00:00","mainEntityOfPage":{"@id":"https:\/\/cafedelespace.com\/index.php\/2025\/03\/13\/sweet-potato-vine-saint-patrick-vendredi-21-mars\/"},"wordCount":87,"publisher":{"@id":"https:\/\/cafedelespace.com\/#organization"},"image":{"@id":"https:\/\/cafedelespace.com\/index.php\/2025\/03\/13\/sweet-potato-vine-saint-patrick-vendredi-21-mars\/#primaryimage"},"thumbnailUrl":"https:\/\/cafedelespace.com\/wp-content\/uploads\/2025\/03\/affiche-concert-29.7-x-42-cm.png","articleSection":["Concert"],"inLanguage":"fr-FR"},{"@type":"WebPage","@id":"https:\/\/cafedelespace.com\/index.php\/2025\/03\/13\/sweet-potato-vine-saint-patrick-vendredi-21-mars\/","url":"https:\/\/cafedelespace.com\/index.php\/2025\/03\/13\/sweet-potato-vine-saint-patrick-vendredi-21-mars\/","name":"Sweet Potato Vine - Saint Patrick- Vendredi 21 mars - 21h &#8212; Le Caf\u00e9 de l&#039;Espace","isPartOf":{"@id":"https:\/\/cafedelespace.com\/#website"},"primaryImageOfPage":{"@id":"https:\/\/cafedelespace.com\/index.php\/2025\/03\/13\/sweet-potato-vine-saint-patrick-vendredi-21-mars\/#primaryimage"},"image":{"@id":"https:\/\/cafedelespace.com\/index.php\/2025\/03\/13\/sweet-potato-vine-saint-patrick-vendredi-21-mars\/#primaryimage"},"thumbnailUrl":"https:\/\/cafedelespace.com\/wp-content\/uploads\/2025\/03\/affiche-concert-29.7-x-42-cm.png","datePublished":"2025-03-13T14:41:06+00:00","dateModified":"2025-03-13T14:50:25+00:00","breadcrumb":{"@id":"https:\/\/cafedelespace.com\/index.php\/2025\/03\/13\/sweet-potato-vine-saint-patrick-vendredi-21-mars\/#breadcrumb"},"inLanguage":"fr-FR","potentialAction":[{"@type":"ReadAction","target":["https:\/\/cafedelespace.com\/index.php\/2025\/03\/13\/sweet-potato-vine-saint-patrick-vendredi-21-mars\/"]}]},{"@type":"ImageObject","inLanguage":"fr-FR","@id":"https:\/\/cafedelespace.com\/index.php\/2025\/03\/13\/sweet-potato-vine-saint-patrick-vendredi-21-mars\/#primaryimage","url":"https:\/\/cafedelespace.com\/wp-content\/uploads\/2025\/03\/affiche-concert-29.7-x-42-cm.png","contentUrl":"https:\/\/cafedelespace.com\/wp-content\/uploads\/2025\/03\/affiche-concert-29.7-x-42-cm.png","width":1414,"height":2000},{"@type":"BreadcrumbList","@id":"https:\/\/cafedelespace.com\/index.php\/2025\/03\/13\/sweet-potato-vine-saint-patrick-vendredi-21-mars\/#breadcrumb","itemListElement":[{"@type":"ListItem","position":1,"name":"Accueil","item":"https:\/\/cafedelespace.com\/"},{"@type":"ListItem","position":2,"name":"Sweet Potato Vine &#8211; Saint Patrick- Vendredi 21 mars &#8211; 21h"}]},{"@type":"WebSite","@id":"https:\/\/cafedelespace.com\/#website","url":"https:\/\/cafedelespace.com\/","name":"Le Caf\u00e9 de l Espace - Espace Associatif Alain Fauriaux","description":"Espace Associatif Alain Fauriaux","publisher":{"@id":"https:\/\/cafedelespace.com\/#organization"},"potentialAction":[{"@type":"SearchAction","target":{"@type":"EntryPoint","urlTemplate":"https:\/\/cafedelespace.com\/?s={search_term_string}"},"query-input":{"@type":"PropertyValueSpecification","valueRequired":true,"valueName":"search_term_string"}}],"inLanguage":"fr-FR"},{"@type":"Organization","@id":"https:\/\/cafedelespace.com\/#organization","name":"Caf\u00e9 de l'Espace","url":"https:\/\/cafedelespace.com\/","logo":{"@type":"ImageObject","inLanguage":"fr-FR","@id":"https:\/\/cafedelespace.com\/#\/schema\/logo\/image\/","url":"https:\/\/cafedelespace.com\/wp-content\/uploads\/2020\/04\/logo-peinture.png","contentUrl":"https:\/\/cafedelespace.com\/wp-content\/uploads\/2020\/04\/logo-peinture.png","width":500,"height":500,"caption":"Caf\u00e9 de l'Espace"},"image":{"@id":"https:\/\/cafedelespace.com\/#\/schema\/logo\/image\/"},"sameAs":["https:\/\/www.facebook.com\/Cafe.de.lEspace\/"]},{"@type":"Person","@id":"https:\/\/cafedelespace.com\/#\/schema\/person\/f9fc8028d82260f4b8da6d717881ed0c","name":"animation","image":{"@type":"ImageObject","inLanguage":"fr-FR","@id":"https:\/\/secure.gravatar.com\/avatar\/58751f777ed4b9efaea83cfa49d063a6860235226a02165cc8c73a7675e9eea2?s=96&d=mm&r=g","url":"https:\/\/secure.gravatar.com\/avatar\/58751f777ed4b9efaea83cfa49d063a6860235226a02165cc8c73a7675e9eea2?s=96&d=mm&r=g","contentUrl":"https:\/\/secure.gravatar.com\/avatar\/58751f777ed4b9efaea83cfa49d063a6860235226a02165cc8c73a7675e9eea2?s=96&d=mm&r=g","caption":"animation"}}]}},"_links":{"self":[{"href":"https:\/\/cafedelespace.com\/index.php\/wp-json\/wp\/v2\/posts\/1616","targetHints":{"allow":["GET"]}}],"collection":[{"href":"https:\/\/cafedelespace.com\/index.php\/wp-json\/wp\/v2\/posts"}],"about":[{"href":"https:\/\/cafedelespace.com\/index.php\/wp-json\/wp\/v2\/types\/post"}],"author":[{"embeddable":true,"href":"https:\/\/cafedelespace.com\/index.php\/wp-json\/wp\/v2\/users\/3"}],"replies":[{"embeddable":true,"href":"https:\/\/cafedelespace.com\/index.php\/wp-json\/wp\/v2\/comments?post=1616"}],"version-history":[{"count":2,"href":"https:\/\/cafedelespace.com\/index.php\/wp-json\/wp\/v2\/posts\/1616\/revisions"}],"predecessor-version":[{"id":1622,"href":"https:\/\/cafedelespace.com\/index.php\/wp-json\/wp\/v2\/posts\/1616\/revisions\/1622"}],"wp:featuredmedia":[{"embeddable":true,"href":"https:\/\/cafedelespace.com\/index.php\/wp-json\/wp\/v2\/media\/1617"}],"wp:attachment":[{"href":"https:\/\/cafedelespace.com\/index.php\/wp-json\/wp\/v2\/media?parent=1616"}],"wp:term":[{"taxonomy":"category","embeddable":true,"href":"https:\/\/cafedelespace.com\/index.php\/wp-json\/wp\/v2\/categories?post=1616"},{"taxonomy":"post_tag","embeddable":true,"href":"https:\/\/cafedelespace.com\/index.php\/wp-json\/wp\/v2\/tags?post=1616"}],"curies":[{"name":"wp","href":"https:\/\/api.w.org\/{rel}","templated":true}]}}