{"id":1586,"date":"2025-03-13T12:53:38","date_gmt":"2025-03-13T11:53:38","guid":{"rendered":"https:\/\/cafedelespace.com\/?p=1586"},"modified":"2025-03-13T15:34:30","modified_gmt":"2025-03-13T14:34:30","slug":"projection-pour-la-fete-du-court-metrage","status":"publish","type":"post","link":"https:\/\/cafedelespace.com\/index.php\/2025\/03\/13\/projection-pour-la-fete-du-court-metrage\/","title":{"rendered":"Projection pour la F\u00eate du Court-M\u00e9trage"},"content":{"rendered":"\n<p>MERCREDI 19 MARS A 14H30<\/p>\n\n\n\n<p>Dans le cadre de La F\u00eate du court m\u00e9trage , le Caf\u00e9 de l\u2019Espace vous propose une s\u00e9ance de projection de courts m\u00e9trages d&rsquo;animation, pas comme au cin\u00e9ma mais presque !<\/p>\n\n\n\n<p>3 s\u00e9ances seront propos\u00e9es en fonction des \u00e2ges.<\/p>\n\n\n\n<p>3 \u00e0 <a><\/a>5 ans : Qui mange quoi, 30 minutes<\/p>\n\n\n\n<p>5 \u00e0 7 ans : Mon monde imaginaire, 42 minutes<\/p>\n\n\n\n<p>7 \u00e0 10 ans : Avec ou sans mots, 45 minutes<\/p>\n\n\n\n<p>(les programmes seront diffus\u00e9s \u00e0 la suite, les plus grands peuvent voir sans souci les films pour les cat\u00e9gories d&rsquo;\u00e2ges d&rsquo;avant)<\/p>\n\n\n\n<p>prix libre, informations et inscriptions au 05 55 67 51 38<\/p>\n\n\n\n<figure class=\"wp-block-image size-large\"><img fetchpriority=\"high\" decoding=\"async\" width=\"724\" height=\"1024\" src=\"https:\/\/cafedelespace.com\/wp-content\/uploads\/2025\/03\/projections-724x1024.png\" alt=\"\" class=\"wp-image-1587\" srcset=\"https:\/\/cafedelespace.com\/wp-content\/uploads\/2025\/03\/projections-724x1024.png 724w, https:\/\/cafedelespace.com\/wp-content\/uploads\/2025\/03\/projections-212x300.png 212w, https:\/\/cafedelespace.com\/wp-content\/uploads\/2025\/03\/projections-768x1086.png 768w, https:\/\/cafedelespace.com\/wp-content\/uploads\/2025\/03\/projections-1086x1536.png 1086w, https:\/\/cafedelespace.com\/wp-content\/uploads\/2025\/03\/projections-42x60.png 42w, https:\/\/cafedelespace.com\/wp-content\/uploads\/2025\/03\/projections.png 1414w\" sizes=\"(max-width: 724px) 100vw, 724px\" \/><\/figure>\n","protected":false},"excerpt":{"rendered":"<p>MERCREDI 19 MARS A 14H30 Dans le cadre de La F\u00eate du court m\u00e9trage , le Caf\u00e9 de l\u2019Espace vous propose une s\u00e9ance de projection de courts m\u00e9trages d&rsquo;animation, pas comme au cin\u00e9ma mais presque ! 3 s\u00e9ances seront propos\u00e9es en fonction des \u00e2ges. 3 \u00e0 5 ans : Qui mange quoi, 30 minutes 5 &hellip; <\/p>\n","protected":false},"author":3,"featured_media":1587,"comment_status":"closed","ping_status":"closed","sticky":false,"template":"","format":"standard","meta":{"footnotes":""},"categories":[7],"tags":[],"class_list":["post-1586","post","type-post","status-publish","format-standard","has-post-thumbnail","hentry","category-animation","latest_post"],"yoast_head":"<!-- This site is optimized with the Yoast SEO plugin v27.2 - https:\/\/yoast.com\/product\/yoast-seo-wordpress\/ -->\n<title>Projection pour la F\u00eate du Court-M\u00e9trage &#8212; Le Caf\u00e9 de l&#039;Espace<\/title>\n<meta name=\"robots\" content=\"index, follow, max-snippet:-1, max-image-preview:large, max-video-preview:-1\" \/>\n<link rel=\"canonical\" href=\"https:\/\/cafedelespace.com\/index.php\/2025\/03\/13\/projection-pour-la-fete-du-court-metrage\/\" \/>\n<meta property=\"og:locale\" content=\"fr_FR\" \/>\n<meta property=\"og:type\" content=\"article\" \/>\n<meta property=\"og:title\" content=\"Projection pour la F\u00eate du Court-M\u00e9trage &#8212; Le Caf\u00e9 de l&#039;Espace\" \/>\n<meta property=\"og:description\" content=\"MERCREDI 19 MARS A 14H30 Dans le cadre de La F\u00eate du court m\u00e9trage , le Caf\u00e9 de l\u2019Espace vous propose une s\u00e9ance de projection de courts m\u00e9trages d&rsquo;animation, pas comme au cin\u00e9ma mais presque ! 3 s\u00e9ances seront propos\u00e9es en fonction des \u00e2ges. 3 \u00e0 5 ans : Qui mange quoi, 30 minutes 5 &hellip;\" \/>\n<meta property=\"og:url\" content=\"https:\/\/cafedelespace.com\/index.php\/2025\/03\/13\/projection-pour-la-fete-du-court-metrage\/\" \/>\n<meta property=\"og:site_name\" content=\"Le Caf\u00e9 de l&#039;Espace\" \/>\n<meta property=\"article:publisher\" content=\"https:\/\/www.facebook.com\/Cafe.de.lEspace\/\" \/>\n<meta property=\"article:published_time\" content=\"2025-03-13T11:53:38+00:00\" \/>\n<meta property=\"article:modified_time\" content=\"2025-03-13T14:34:30+00:00\" \/>\n<meta property=\"og:image\" content=\"https:\/\/cafedelespace.com\/wp-content\/uploads\/2025\/03\/projections.png\" \/>\n\t<meta property=\"og:image:width\" content=\"1414\" \/>\n\t<meta property=\"og:image:height\" content=\"2000\" \/>\n\t<meta property=\"og:image:type\" content=\"image\/png\" \/>\n<meta name=\"author\" content=\"animation\" \/>\n<meta name=\"twitter:card\" content=\"summary_large_image\" \/>\n<meta name=\"twitter:label1\" content=\"\u00c9crit par\" \/>\n\t<meta name=\"twitter:data1\" content=\"animation\" \/>\n<script type=\"application\/ld+json\" class=\"yoast-schema-graph\">{\"@context\":\"https:\/\/schema.org\",\"@graph\":[{\"@type\":\"Article\",\"@id\":\"https:\/\/cafedelespace.com\/index.php\/2025\/03\/13\/projection-pour-la-fete-du-court-metrage\/#article\",\"isPartOf\":{\"@id\":\"https:\/\/cafedelespace.com\/index.php\/2025\/03\/13\/projection-pour-la-fete-du-court-metrage\/\"},\"author\":{\"name\":\"animation\",\"@id\":\"https:\/\/cafedelespace.com\/#\/schema\/person\/f9fc8028d82260f4b8da6d717881ed0c\"},\"headline\":\"Projection pour la F\u00eate du Court-M\u00e9trage\",\"datePublished\":\"2025-03-13T11:53:38+00:00\",\"dateModified\":\"2025-03-13T14:34:30+00:00\",\"mainEntityOfPage\":{\"@id\":\"https:\/\/cafedelespace.com\/index.php\/2025\/03\/13\/projection-pour-la-fete-du-court-metrage\/\"},\"wordCount\":101,\"publisher\":{\"@id\":\"https:\/\/cafedelespace.com\/#organization\"},\"image\":{\"@id\":\"https:\/\/cafedelespace.com\/index.php\/2025\/03\/13\/projection-pour-la-fete-du-court-metrage\/#primaryimage\"},\"thumbnailUrl\":\"https:\/\/cafedelespace.com\/wp-content\/uploads\/2025\/03\/projections.png\",\"articleSection\":[\"Animation\"],\"inLanguage\":\"fr-FR\"},{\"@type\":\"WebPage\",\"@id\":\"https:\/\/cafedelespace.com\/index.php\/2025\/03\/13\/projection-pour-la-fete-du-court-metrage\/\",\"url\":\"https:\/\/cafedelespace.com\/index.php\/2025\/03\/13\/projection-pour-la-fete-du-court-metrage\/\",\"name\":\"Projection pour la F\u00eate du Court-M\u00e9trage &#8212; Le Caf\u00e9 de l&#039;Espace\",\"isPartOf\":{\"@id\":\"https:\/\/cafedelespace.com\/#website\"},\"primaryImageOfPage\":{\"@id\":\"https:\/\/cafedelespace.com\/index.php\/2025\/03\/13\/projection-pour-la-fete-du-court-metrage\/#primaryimage\"},\"image\":{\"@id\":\"https:\/\/cafedelespace.com\/index.php\/2025\/03\/13\/projection-pour-la-fete-du-court-metrage\/#primaryimage\"},\"thumbnailUrl\":\"https:\/\/cafedelespace.com\/wp-content\/uploads\/2025\/03\/projections.png\",\"datePublished\":\"2025-03-13T11:53:38+00:00\",\"dateModified\":\"2025-03-13T14:34:30+00:00\",\"breadcrumb\":{\"@id\":\"https:\/\/cafedelespace.com\/index.php\/2025\/03\/13\/projection-pour-la-fete-du-court-metrage\/#breadcrumb\"},\"inLanguage\":\"fr-FR\",\"potentialAction\":[{\"@type\":\"ReadAction\",\"target\":[\"https:\/\/cafedelespace.com\/index.php\/2025\/03\/13\/projection-pour-la-fete-du-court-metrage\/\"]}]},{\"@type\":\"ImageObject\",\"inLanguage\":\"fr-FR\",\"@id\":\"https:\/\/cafedelespace.com\/index.php\/2025\/03\/13\/projection-pour-la-fete-du-court-metrage\/#primaryimage\",\"url\":\"https:\/\/cafedelespace.com\/wp-content\/uploads\/2025\/03\/projections.png\",\"contentUrl\":\"https:\/\/cafedelespace.com\/wp-content\/uploads\/2025\/03\/projections.png\",\"width\":1414,\"height\":2000},{\"@type\":\"BreadcrumbList\",\"@id\":\"https:\/\/cafedelespace.com\/index.php\/2025\/03\/13\/projection-pour-la-fete-du-court-metrage\/#breadcrumb\",\"itemListElement\":[{\"@type\":\"ListItem\",\"position\":1,\"name\":\"Accueil\",\"item\":\"https:\/\/cafedelespace.com\/\"},{\"@type\":\"ListItem\",\"position\":2,\"name\":\"Projection pour la F\u00eate du Court-M\u00e9trage\"}]},{\"@type\":\"WebSite\",\"@id\":\"https:\/\/cafedelespace.com\/#website\",\"url\":\"https:\/\/cafedelespace.com\/\",\"name\":\"Le Caf\u00e9 de l Espace - Espace Associatif Alain Fauriaux\",\"description\":\"Espace Associatif Alain Fauriaux\",\"publisher\":{\"@id\":\"https:\/\/cafedelespace.com\/#organization\"},\"potentialAction\":[{\"@type\":\"SearchAction\",\"target\":{\"@type\":\"EntryPoint\",\"urlTemplate\":\"https:\/\/cafedelespace.com\/?s={search_term_string}\"},\"query-input\":{\"@type\":\"PropertyValueSpecification\",\"valueRequired\":true,\"valueName\":\"search_term_string\"}}],\"inLanguage\":\"fr-FR\"},{\"@type\":\"Organization\",\"@id\":\"https:\/\/cafedelespace.com\/#organization\",\"name\":\"Caf\u00e9 de l'Espace\",\"url\":\"https:\/\/cafedelespace.com\/\",\"logo\":{\"@type\":\"ImageObject\",\"inLanguage\":\"fr-FR\",\"@id\":\"https:\/\/cafedelespace.com\/#\/schema\/logo\/image\/\",\"url\":\"https:\/\/cafedelespace.com\/wp-content\/uploads\/2020\/04\/logo-peinture.png\",\"contentUrl\":\"https:\/\/cafedelespace.com\/wp-content\/uploads\/2020\/04\/logo-peinture.png\",\"width\":500,\"height\":500,\"caption\":\"Caf\u00e9 de l'Espace\"},\"image\":{\"@id\":\"https:\/\/cafedelespace.com\/#\/schema\/logo\/image\/\"},\"sameAs\":[\"https:\/\/www.facebook.com\/Cafe.de.lEspace\/\"]},{\"@type\":\"Person\",\"@id\":\"https:\/\/cafedelespace.com\/#\/schema\/person\/f9fc8028d82260f4b8da6d717881ed0c\",\"name\":\"animation\",\"image\":{\"@type\":\"ImageObject\",\"inLanguage\":\"fr-FR\",\"@id\":\"https:\/\/secure.gravatar.com\/avatar\/58751f777ed4b9efaea83cfa49d063a6860235226a02165cc8c73a7675e9eea2?s=96&d=mm&r=g\",\"url\":\"https:\/\/secure.gravatar.com\/avatar\/58751f777ed4b9efaea83cfa49d063a6860235226a02165cc8c73a7675e9eea2?s=96&d=mm&r=g\",\"contentUrl\":\"https:\/\/secure.gravatar.com\/avatar\/58751f777ed4b9efaea83cfa49d063a6860235226a02165cc8c73a7675e9eea2?s=96&d=mm&r=g\",\"caption\":\"animation\"}}]}<\/script>\n<!-- \/ Yoast SEO plugin. -->","yoast_head_json":{"title":"Projection pour la F\u00eate du Court-M\u00e9trage &#8212; Le Caf\u00e9 de l&#039;Espace","robots":{"index":"index","follow":"follow","max-snippet":"max-snippet:-1","max-image-preview":"max-image-preview:large","max-video-preview":"max-video-preview:-1"},"canonical":"https:\/\/cafedelespace.com\/index.php\/2025\/03\/13\/projection-pour-la-fete-du-court-metrage\/","og_locale":"fr_FR","og_type":"article","og_title":"Projection pour la F\u00eate du Court-M\u00e9trage &#8212; Le Caf\u00e9 de l&#039;Espace","og_description":"MERCREDI 19 MARS A 14H30 Dans le cadre de La F\u00eate du court m\u00e9trage , le Caf\u00e9 de l\u2019Espace vous propose une s\u00e9ance de projection de courts m\u00e9trages d&rsquo;animation, pas comme au cin\u00e9ma mais presque ! 3 s\u00e9ances seront propos\u00e9es en fonction des \u00e2ges. 3 \u00e0 5 ans : Qui mange quoi, 30 minutes 5 &hellip;","og_url":"https:\/\/cafedelespace.com\/index.php\/2025\/03\/13\/projection-pour-la-fete-du-court-metrage\/","og_site_name":"Le Caf\u00e9 de l&#039;Espace","article_publisher":"https:\/\/www.facebook.com\/Cafe.de.lEspace\/","article_published_time":"2025-03-13T11:53:38+00:00","article_modified_time":"2025-03-13T14:34:30+00:00","og_image":[{"width":1414,"height":2000,"url":"https:\/\/cafedelespace.com\/wp-content\/uploads\/2025\/03\/projections.png","type":"image\/png"}],"author":"animation","twitter_card":"summary_large_image","twitter_misc":{"\u00c9crit par":"animation"},"schema":{"@context":"https:\/\/schema.org","@graph":[{"@type":"Article","@id":"https:\/\/cafedelespace.com\/index.php\/2025\/03\/13\/projection-pour-la-fete-du-court-metrage\/#article","isPartOf":{"@id":"https:\/\/cafedelespace.com\/index.php\/2025\/03\/13\/projection-pour-la-fete-du-court-metrage\/"},"author":{"name":"animation","@id":"https:\/\/cafedelespace.com\/#\/schema\/person\/f9fc8028d82260f4b8da6d717881ed0c"},"headline":"Projection pour la F\u00eate du Court-M\u00e9trage","datePublished":"2025-03-13T11:53:38+00:00","dateModified":"2025-03-13T14:34:30+00:00","mainEntityOfPage":{"@id":"https:\/\/cafedelespace.com\/index.php\/2025\/03\/13\/projection-pour-la-fete-du-court-metrage\/"},"wordCount":101,"publisher":{"@id":"https:\/\/cafedelespace.com\/#organization"},"image":{"@id":"https:\/\/cafedelespace.com\/index.php\/2025\/03\/13\/projection-pour-la-fete-du-court-metrage\/#primaryimage"},"thumbnailUrl":"https:\/\/cafedelespace.com\/wp-content\/uploads\/2025\/03\/projections.png","articleSection":["Animation"],"inLanguage":"fr-FR"},{"@type":"WebPage","@id":"https:\/\/cafedelespace.com\/index.php\/2025\/03\/13\/projection-pour-la-fete-du-court-metrage\/","url":"https:\/\/cafedelespace.com\/index.php\/2025\/03\/13\/projection-pour-la-fete-du-court-metrage\/","name":"Projection pour la F\u00eate du Court-M\u00e9trage &#8212; Le Caf\u00e9 de l&#039;Espace","isPartOf":{"@id":"https:\/\/cafedelespace.com\/#website"},"primaryImageOfPage":{"@id":"https:\/\/cafedelespace.com\/index.php\/2025\/03\/13\/projection-pour-la-fete-du-court-metrage\/#primaryimage"},"image":{"@id":"https:\/\/cafedelespace.com\/index.php\/2025\/03\/13\/projection-pour-la-fete-du-court-metrage\/#primaryimage"},"thumbnailUrl":"https:\/\/cafedelespace.com\/wp-content\/uploads\/2025\/03\/projections.png","datePublished":"2025-03-13T11:53:38+00:00","dateModified":"2025-03-13T14:34:30+00:00","breadcrumb":{"@id":"https:\/\/cafedelespace.com\/index.php\/2025\/03\/13\/projection-pour-la-fete-du-court-metrage\/#breadcrumb"},"inLanguage":"fr-FR","potentialAction":[{"@type":"ReadAction","target":["https:\/\/cafedelespace.com\/index.php\/2025\/03\/13\/projection-pour-la-fete-du-court-metrage\/"]}]},{"@type":"ImageObject","inLanguage":"fr-FR","@id":"https:\/\/cafedelespace.com\/index.php\/2025\/03\/13\/projection-pour-la-fete-du-court-metrage\/#primaryimage","url":"https:\/\/cafedelespace.com\/wp-content\/uploads\/2025\/03\/projections.png","contentUrl":"https:\/\/cafedelespace.com\/wp-content\/uploads\/2025\/03\/projections.png","width":1414,"height":2000},{"@type":"BreadcrumbList","@id":"https:\/\/cafedelespace.com\/index.php\/2025\/03\/13\/projection-pour-la-fete-du-court-metrage\/#breadcrumb","itemListElement":[{"@type":"ListItem","position":1,"name":"Accueil","item":"https:\/\/cafedelespace.com\/"},{"@type":"ListItem","position":2,"name":"Projection pour la F\u00eate du Court-M\u00e9trage"}]},{"@type":"WebSite","@id":"https:\/\/cafedelespace.com\/#website","url":"https:\/\/cafedelespace.com\/","name":"Le Caf\u00e9 de l Espace - Espace Associatif Alain Fauriaux","description":"Espace Associatif Alain Fauriaux","publisher":{"@id":"https:\/\/cafedelespace.com\/#organization"},"potentialAction":[{"@type":"SearchAction","target":{"@type":"EntryPoint","urlTemplate":"https:\/\/cafedelespace.com\/?s={search_term_string}"},"query-input":{"@type":"PropertyValueSpecification","valueRequired":true,"valueName":"search_term_string"}}],"inLanguage":"fr-FR"},{"@type":"Organization","@id":"https:\/\/cafedelespace.com\/#organization","name":"Caf\u00e9 de l'Espace","url":"https:\/\/cafedelespace.com\/","logo":{"@type":"ImageObject","inLanguage":"fr-FR","@id":"https:\/\/cafedelespace.com\/#\/schema\/logo\/image\/","url":"https:\/\/cafedelespace.com\/wp-content\/uploads\/2020\/04\/logo-peinture.png","contentUrl":"https:\/\/cafedelespace.com\/wp-content\/uploads\/2020\/04\/logo-peinture.png","width":500,"height":500,"caption":"Caf\u00e9 de l'Espace"},"image":{"@id":"https:\/\/cafedelespace.com\/#\/schema\/logo\/image\/"},"sameAs":["https:\/\/www.facebook.com\/Cafe.de.lEspace\/"]},{"@type":"Person","@id":"https:\/\/cafedelespace.com\/#\/schema\/person\/f9fc8028d82260f4b8da6d717881ed0c","name":"animation","image":{"@type":"ImageObject","inLanguage":"fr-FR","@id":"https:\/\/secure.gravatar.com\/avatar\/58751f777ed4b9efaea83cfa49d063a6860235226a02165cc8c73a7675e9eea2?s=96&d=mm&r=g","url":"https:\/\/secure.gravatar.com\/avatar\/58751f777ed4b9efaea83cfa49d063a6860235226a02165cc8c73a7675e9eea2?s=96&d=mm&r=g","contentUrl":"https:\/\/secure.gravatar.com\/avatar\/58751f777ed4b9efaea83cfa49d063a6860235226a02165cc8c73a7675e9eea2?s=96&d=mm&r=g","caption":"animation"}}]}},"_links":{"self":[{"href":"https:\/\/cafedelespace.com\/index.php\/wp-json\/wp\/v2\/posts\/1586","targetHints":{"allow":["GET"]}}],"collection":[{"href":"https:\/\/cafedelespace.com\/index.php\/wp-json\/wp\/v2\/posts"}],"about":[{"href":"https:\/\/cafedelespace.com\/index.php\/wp-json\/wp\/v2\/types\/post"}],"author":[{"embeddable":true,"href":"https:\/\/cafedelespace.com\/index.php\/wp-json\/wp\/v2\/users\/3"}],"replies":[{"embeddable":true,"href":"https:\/\/cafedelespace.com\/index.php\/wp-json\/wp\/v2\/comments?post=1586"}],"version-history":[{"count":1,"href":"https:\/\/cafedelespace.com\/index.php\/wp-json\/wp\/v2\/posts\/1586\/revisions"}],"predecessor-version":[{"id":1588,"href":"https:\/\/cafedelespace.com\/index.php\/wp-json\/wp\/v2\/posts\/1586\/revisions\/1588"}],"wp:featuredmedia":[{"embeddable":true,"href":"https:\/\/cafedelespace.com\/index.php\/wp-json\/wp\/v2\/media\/1587"}],"wp:attachment":[{"href":"https:\/\/cafedelespace.com\/index.php\/wp-json\/wp\/v2\/media?parent=1586"}],"wp:term":[{"taxonomy":"category","embeddable":true,"href":"https:\/\/cafedelespace.com\/index.php\/wp-json\/wp\/v2\/categories?post=1586"},{"taxonomy":"post_tag","embeddable":true,"href":"https:\/\/cafedelespace.com\/index.php\/wp-json\/wp\/v2\/tags?post=1586"}],"curies":[{"name":"wp","href":"https:\/\/api.w.org\/{rel}","templated":true}]}}