{"id":1537,"date":"2024-10-26T15:35:12","date_gmt":"2024-10-26T13:35:12","guid":{"rendered":"https:\/\/cafedelespace.com\/?p=1537"},"modified":"2024-10-26T15:42:34","modified_gmt":"2024-10-26T13:42:34","slug":"mystically-vendredi-1er-novembre-2024-21h","status":"publish","type":"post","link":"https:\/\/cafedelespace.com\/index.php\/2024\/10\/26\/mystically-vendredi-1er-novembre-2024-21h\/","title":{"rendered":"Mystically &#8211; Vendredi 1er novembre 2024 &#8211; 21h"},"content":{"rendered":"\n<figure class=\"wp-block-image size-large\"><img fetchpriority=\"high\" decoding=\"async\" width=\"724\" height=\"1024\" src=\"https:\/\/cafedelespace.com\/wp-content\/uploads\/2024\/10\/affiche-concert8-1-724x1024.jpg\" alt=\"\" class=\"wp-image-1543\" srcset=\"https:\/\/cafedelespace.com\/wp-content\/uploads\/2024\/10\/affiche-concert8-1-724x1024.jpg 724w, https:\/\/cafedelespace.com\/wp-content\/uploads\/2024\/10\/affiche-concert8-1-212x300.jpg 212w, https:\/\/cafedelespace.com\/wp-content\/uploads\/2024\/10\/affiche-concert8-1-768x1086.jpg 768w, https:\/\/cafedelespace.com\/wp-content\/uploads\/2024\/10\/affiche-concert8-1-1086x1536.jpg 1086w, https:\/\/cafedelespace.com\/wp-content\/uploads\/2024\/10\/affiche-concert8-1-1448x2048.jpg 1448w, https:\/\/cafedelespace.com\/wp-content\/uploads\/2024\/10\/affiche-concert8-1-42x60.jpg 42w, https:\/\/cafedelespace.com\/wp-content\/uploads\/2024\/10\/affiche-concert8-1.jpg 1587w\" sizes=\"(max-width: 724px) 100vw, 724px\" \/><\/figure>\n\n\n\n<p>SAVE LA DATE !! <img decoding=\"async\" height=\"16\" width=\"16\" alt=\"\ud83e\udd29\" src=\"https:\/\/static.xx.fbcdn.net\/images\/emoji.php\/v9\/t58\/1\/16\/1f929.png\"><img decoding=\"async\" height=\"16\" width=\"16\" alt=\"\ud83d\ude0e\" src=\"https:\/\/static.xx.fbcdn.net\/images\/emoji.php\/v9\/t83\/1\/16\/1f60e.png\"> C&rsquo;est LE concert \u00e9v\u00e9nement de REGGAE \u00e0 l&rsquo;Espace !! Et c&rsquo;est vendredi prochain !! Ca va groover !!<\/p>\n\n\n\n<p>Alors viens prendre ta dose de soleil avec les <a href=\"https:\/\/www.facebook.com\/MYSTICALLYSOULREGGAE?__cft__[0]=AZUevUkvjbZk-yoguZk9YU3FgJOg7cp7wP3r2dl2mGSxvkTwPiJfhOJT0a1MfQtiz57wMA_KWy7yiYuh_g1s8Mh7aZCsqDX7Fyxx2ovbHihcgT8zI4mCn2yHwuJ7NOZgPAC24bFriiKKD-oiJVBdtmZJb9ii7dPzDmspme5X4Hhi3EE-YEBKxFkHXXkuSIsjARi9FApfIhWKxIsgdIH7HUk-&amp;__tn__=-]K-R\">Mystically<\/a> VENDREDI 1ER NOVEMBRE <img loading=\"lazy\" decoding=\"async\" height=\"16\" width=\"16\" alt=\"\u2600\ufe0f\" src=\"https:\/\/static.xx.fbcdn.net\/images\/emoji.php\/v9\/t6d\/1\/16\/2600.png\"><img loading=\"lazy\" decoding=\"async\" height=\"16\" width=\"16\" alt=\"\ud83c\udf08\" src=\"https:\/\/static.xx.fbcdn.net\/images\/emoji.php\/v9\/t13\/1\/16\/1f308.png\"><\/p>\n\n\n\n<p>MYSTICALLY c\u2019est deux voix, deux empreintes pour une seule et m\u00eame vibration&#8230; L\u2019essence m\u00eame de leur musique : des harmonies vocales f\u00e9minines au service d&rsquo;un Reggae Roots aux sonorit\u00e9s afro-carib\u00e9ennes m\u00eal\u00e9es de Soul et d&rsquo;influences World.<\/p>\n\n\n\n<p><a><\/a>MYSTICALLY, c\u2019est \u00e9galement une exp\u00e9rience sc\u00e9nique forte, une \u00e9nergie contagieuse port\u00e9e par des musiciens aux influences afro-jazz qui apportent chacun une touche d\u2019authenticit\u00e9 et de chaleur, faisant de chaque concert un moment de partage intense&#8230; d\u00e9finitivement soul reggae !<\/p>\n\n\n\n<p>&#8211; ouverture du bar d\u00e8s 18h &#8211; concert 21h &#8211; PRIX LIBRE &#8211; petite restauration sur place &#8211;<\/p>\n","protected":false},"excerpt":{"rendered":"<p>SAVE LA DATE !! C&rsquo;est LE concert \u00e9v\u00e9nement de REGGAE \u00e0 l&rsquo;Espace !! Et c&rsquo;est vendredi prochain !! Ca va groover !! Alors viens prendre ta dose de soleil avec les Mystically VENDREDI 1ER NOVEMBRE MYSTICALLY c\u2019est deux voix, deux empreintes pour une seule et m\u00eame vibration&#8230; L\u2019essence m\u00eame de leur musique : des harmonies &hellip; <\/p>\n","protected":false},"author":3,"featured_media":1543,"comment_status":"closed","ping_status":"closed","sticky":false,"template":"","format":"standard","meta":{"footnotes":""},"categories":[3],"tags":[8],"class_list":["post-1537","post","type-post","status-publish","format-standard","has-post-thumbnail","hentry","category-concert","tag-concert","latest_post"],"yoast_head":"<!-- This site is optimized with the Yoast SEO plugin v27.2 - https:\/\/yoast.com\/product\/yoast-seo-wordpress\/ -->\n<title>Mystically - Vendredi 1er novembre 2024 - 21h &#8212; Le Caf\u00e9 de l&#039;Espace<\/title>\n<meta name=\"description\" content=\"SAVE LA DATE !! \ud83e\udd29\ud83d\ude0e C&#039;est LE concert \u00e9v\u00e9nement de REGGAE \u00e0 l&#039;Espace !! Et c&#039;est vendredi prochain !! Ca va groover !!Alors viens prendre ta dose de soleil avec les Mystically VENDREDI 1ER NOVEMBRE \u2600\ufe0f\ud83c\udf08MYSTICALLY c\u2019est deux voix, deux empreintes pour une seule et m\u00eame vibration... L\u2019essence m\u00eame de leur musique : des harmonies vocales f\u00e9minines au service d&#039;un Reggae Roots aux sonorit\u00e9s afro-carib\u00e9ennes m\u00eal\u00e9es de Soul et d&#039;influences World. MYSTICALLY, c\u2019est \u00e9galement une exp\u00e9rience sc\u00e9nique forte, une \u00e9nergie contagieuse port\u00e9e par des musiciens aux influences afro-jazz qui apportent chacun une touche d\u2019authenticit\u00e9 et de chaleur, faisant de chaque concert un moment de partage intense... d\u00e9finitivement soul reggae ! - ouverture du bar d\u00e8s 18h - concert 21h - PRIX LIBRE - petite restauration sur place -\" \/>\n<meta name=\"robots\" content=\"index, follow, max-snippet:-1, max-image-preview:large, max-video-preview:-1\" \/>\n<link rel=\"canonical\" href=\"https:\/\/cafedelespace.com\/index.php\/2024\/10\/26\/mystically-vendredi-1er-novembre-2024-21h\/\" \/>\n<meta property=\"og:locale\" content=\"fr_FR\" \/>\n<meta property=\"og:type\" content=\"article\" \/>\n<meta property=\"og:title\" content=\"Mystically - Vendredi 1er novembre 2024 - 21h &#8212; Le Caf\u00e9 de l&#039;Espace\" \/>\n<meta property=\"og:description\" content=\"SAVE LA DATE !! \ud83e\udd29\ud83d\ude0e C&#039;est LE concert \u00e9v\u00e9nement de REGGAE \u00e0 l&#039;Espace !! Et c&#039;est vendredi prochain !! Ca va groover !!Alors viens prendre ta dose de soleil avec les Mystically VENDREDI 1ER NOVEMBRE \u2600\ufe0f\ud83c\udf08MYSTICALLY c\u2019est deux voix, deux empreintes pour une seule et m\u00eame vibration... L\u2019essence m\u00eame de leur musique : des harmonies vocales f\u00e9minines au service d&#039;un Reggae Roots aux sonorit\u00e9s afro-carib\u00e9ennes m\u00eal\u00e9es de Soul et d&#039;influences World. MYSTICALLY, c\u2019est \u00e9galement une exp\u00e9rience sc\u00e9nique forte, une \u00e9nergie contagieuse port\u00e9e par des musiciens aux influences afro-jazz qui apportent chacun une touche d\u2019authenticit\u00e9 et de chaleur, faisant de chaque concert un moment de partage intense... d\u00e9finitivement soul reggae ! - ouverture du bar d\u00e8s 18h - concert 21h - PRIX LIBRE - petite restauration sur place -\" \/>\n<meta property=\"og:url\" content=\"https:\/\/cafedelespace.com\/index.php\/2024\/10\/26\/mystically-vendredi-1er-novembre-2024-21h\/\" \/>\n<meta property=\"og:site_name\" content=\"Le Caf\u00e9 de l&#039;Espace\" \/>\n<meta property=\"article:publisher\" content=\"https:\/\/www.facebook.com\/Cafe.de.lEspace\/\" \/>\n<meta property=\"article:published_time\" content=\"2024-10-26T13:35:12+00:00\" \/>\n<meta property=\"article:modified_time\" content=\"2024-10-26T13:42:34+00:00\" \/>\n<meta property=\"og:image\" content=\"https:\/\/cafedelespace.com\/wp-content\/uploads\/2024\/10\/affiche-concert8-1.jpg\" \/>\n\t<meta property=\"og:image:width\" content=\"1587\" \/>\n\t<meta property=\"og:image:height\" content=\"2245\" \/>\n\t<meta property=\"og:image:type\" content=\"image\/jpeg\" \/>\n<meta name=\"author\" content=\"animation\" \/>\n<meta name=\"twitter:card\" content=\"summary_large_image\" \/>\n<meta name=\"twitter:label1\" content=\"\u00c9crit par\" \/>\n\t<meta name=\"twitter:data1\" content=\"animation\" \/>\n\t<meta name=\"twitter:label2\" content=\"Dur\u00e9e de lecture estim\u00e9e\" \/>\n\t<meta name=\"twitter:data2\" content=\"1 minute\" \/>\n<script type=\"application\/ld+json\" class=\"yoast-schema-graph\">{\"@context\":\"https:\/\/schema.org\",\"@graph\":[{\"@type\":\"Article\",\"@id\":\"https:\/\/cafedelespace.com\/index.php\/2024\/10\/26\/mystically-vendredi-1er-novembre-2024-21h\/#article\",\"isPartOf\":{\"@id\":\"https:\/\/cafedelespace.com\/index.php\/2024\/10\/26\/mystically-vendredi-1er-novembre-2024-21h\/\"},\"author\":{\"name\":\"animation\",\"@id\":\"https:\/\/cafedelespace.com\/#\/schema\/person\/f9fc8028d82260f4b8da6d717881ed0c\"},\"headline\":\"Mystically &#8211; Vendredi 1er novembre 2024 &#8211; 21h\",\"datePublished\":\"2024-10-26T13:35:12+00:00\",\"dateModified\":\"2024-10-26T13:42:34+00:00\",\"mainEntityOfPage\":{\"@id\":\"https:\/\/cafedelespace.com\/index.php\/2024\/10\/26\/mystically-vendredi-1er-novembre-2024-21h\/\"},\"wordCount\":144,\"publisher\":{\"@id\":\"https:\/\/cafedelespace.com\/#organization\"},\"image\":{\"@id\":\"https:\/\/cafedelespace.com\/index.php\/2024\/10\/26\/mystically-vendredi-1er-novembre-2024-21h\/#primaryimage\"},\"thumbnailUrl\":\"https:\/\/cafedelespace.com\/wp-content\/uploads\/2024\/10\/affiche-concert8-1.jpg\",\"keywords\":[\"concert\"],\"articleSection\":[\"Concert\"],\"inLanguage\":\"fr-FR\"},{\"@type\":\"WebPage\",\"@id\":\"https:\/\/cafedelespace.com\/index.php\/2024\/10\/26\/mystically-vendredi-1er-novembre-2024-21h\/\",\"url\":\"https:\/\/cafedelespace.com\/index.php\/2024\/10\/26\/mystically-vendredi-1er-novembre-2024-21h\/\",\"name\":\"Mystically - Vendredi 1er novembre 2024 - 21h &#8212; Le Caf\u00e9 de l&#039;Espace\",\"isPartOf\":{\"@id\":\"https:\/\/cafedelespace.com\/#website\"},\"primaryImageOfPage\":{\"@id\":\"https:\/\/cafedelespace.com\/index.php\/2024\/10\/26\/mystically-vendredi-1er-novembre-2024-21h\/#primaryimage\"},\"image\":{\"@id\":\"https:\/\/cafedelespace.com\/index.php\/2024\/10\/26\/mystically-vendredi-1er-novembre-2024-21h\/#primaryimage\"},\"thumbnailUrl\":\"https:\/\/cafedelespace.com\/wp-content\/uploads\/2024\/10\/affiche-concert8-1.jpg\",\"datePublished\":\"2024-10-26T13:35:12+00:00\",\"dateModified\":\"2024-10-26T13:42:34+00:00\",\"description\":\"SAVE LA DATE !! \ud83e\udd29\ud83d\ude0e C'est LE concert \u00e9v\u00e9nement de REGGAE \u00e0 l'Espace !! Et c'est vendredi prochain !! Ca va groover !!Alors viens prendre ta dose de soleil avec les Mystically VENDREDI 1ER NOVEMBRE \u2600\ufe0f\ud83c\udf08MYSTICALLY c\u2019est deux voix, deux empreintes pour une seule et m\u00eame vibration... L\u2019essence m\u00eame de leur musique : des harmonies vocales f\u00e9minines au service d'un Reggae Roots aux sonorit\u00e9s afro-carib\u00e9ennes m\u00eal\u00e9es de Soul et d'influences World. MYSTICALLY, c\u2019est \u00e9galement une exp\u00e9rience sc\u00e9nique forte, une \u00e9nergie contagieuse port\u00e9e par des musiciens aux influences afro-jazz qui apportent chacun une touche d\u2019authenticit\u00e9 et de chaleur, faisant de chaque concert un moment de partage intense... d\u00e9finitivement soul reggae ! - ouverture du bar d\u00e8s 18h - concert 21h - PRIX LIBRE - petite restauration sur place -\",\"breadcrumb\":{\"@id\":\"https:\/\/cafedelespace.com\/index.php\/2024\/10\/26\/mystically-vendredi-1er-novembre-2024-21h\/#breadcrumb\"},\"inLanguage\":\"fr-FR\",\"potentialAction\":[{\"@type\":\"ReadAction\",\"target\":[\"https:\/\/cafedelespace.com\/index.php\/2024\/10\/26\/mystically-vendredi-1er-novembre-2024-21h\/\"]}]},{\"@type\":\"ImageObject\",\"inLanguage\":\"fr-FR\",\"@id\":\"https:\/\/cafedelespace.com\/index.php\/2024\/10\/26\/mystically-vendredi-1er-novembre-2024-21h\/#primaryimage\",\"url\":\"https:\/\/cafedelespace.com\/wp-content\/uploads\/2024\/10\/affiche-concert8-1.jpg\",\"contentUrl\":\"https:\/\/cafedelespace.com\/wp-content\/uploads\/2024\/10\/affiche-concert8-1.jpg\",\"width\":1587,\"height\":2245},{\"@type\":\"BreadcrumbList\",\"@id\":\"https:\/\/cafedelespace.com\/index.php\/2024\/10\/26\/mystically-vendredi-1er-novembre-2024-21h\/#breadcrumb\",\"itemListElement\":[{\"@type\":\"ListItem\",\"position\":1,\"name\":\"Accueil\",\"item\":\"https:\/\/cafedelespace.com\/\"},{\"@type\":\"ListItem\",\"position\":2,\"name\":\"Mystically &#8211; Vendredi 1er novembre 2024 &#8211; 21h\"}]},{\"@type\":\"WebSite\",\"@id\":\"https:\/\/cafedelespace.com\/#website\",\"url\":\"https:\/\/cafedelespace.com\/\",\"name\":\"Le Caf\u00e9 de l Espace - Espace Associatif Alain Fauriaux\",\"description\":\"Espace Associatif Alain Fauriaux\",\"publisher\":{\"@id\":\"https:\/\/cafedelespace.com\/#organization\"},\"potentialAction\":[{\"@type\":\"SearchAction\",\"target\":{\"@type\":\"EntryPoint\",\"urlTemplate\":\"https:\/\/cafedelespace.com\/?s={search_term_string}\"},\"query-input\":{\"@type\":\"PropertyValueSpecification\",\"valueRequired\":true,\"valueName\":\"search_term_string\"}}],\"inLanguage\":\"fr-FR\"},{\"@type\":\"Organization\",\"@id\":\"https:\/\/cafedelespace.com\/#organization\",\"name\":\"Caf\u00e9 de l'Espace\",\"url\":\"https:\/\/cafedelespace.com\/\",\"logo\":{\"@type\":\"ImageObject\",\"inLanguage\":\"fr-FR\",\"@id\":\"https:\/\/cafedelespace.com\/#\/schema\/logo\/image\/\",\"url\":\"https:\/\/cafedelespace.com\/wp-content\/uploads\/2020\/04\/logo-peinture.png\",\"contentUrl\":\"https:\/\/cafedelespace.com\/wp-content\/uploads\/2020\/04\/logo-peinture.png\",\"width\":500,\"height\":500,\"caption\":\"Caf\u00e9 de l'Espace\"},\"image\":{\"@id\":\"https:\/\/cafedelespace.com\/#\/schema\/logo\/image\/\"},\"sameAs\":[\"https:\/\/www.facebook.com\/Cafe.de.lEspace\/\"]},{\"@type\":\"Person\",\"@id\":\"https:\/\/cafedelespace.com\/#\/schema\/person\/f9fc8028d82260f4b8da6d717881ed0c\",\"name\":\"animation\",\"image\":{\"@type\":\"ImageObject\",\"inLanguage\":\"fr-FR\",\"@id\":\"https:\/\/secure.gravatar.com\/avatar\/58751f777ed4b9efaea83cfa49d063a6860235226a02165cc8c73a7675e9eea2?s=96&d=mm&r=g\",\"url\":\"https:\/\/secure.gravatar.com\/avatar\/58751f777ed4b9efaea83cfa49d063a6860235226a02165cc8c73a7675e9eea2?s=96&d=mm&r=g\",\"contentUrl\":\"https:\/\/secure.gravatar.com\/avatar\/58751f777ed4b9efaea83cfa49d063a6860235226a02165cc8c73a7675e9eea2?s=96&d=mm&r=g\",\"caption\":\"animation\"}}]}<\/script>\n<!-- \/ Yoast SEO plugin. -->","yoast_head_json":{"title":"Mystically - Vendredi 1er novembre 2024 - 21h &#8212; Le Caf\u00e9 de l&#039;Espace","description":"SAVE LA DATE !! \ud83e\udd29\ud83d\ude0e C'est LE concert \u00e9v\u00e9nement de REGGAE \u00e0 l'Espace !! Et c'est vendredi prochain !! Ca va groover !!Alors viens prendre ta dose de soleil avec les Mystically VENDREDI 1ER NOVEMBRE \u2600\ufe0f\ud83c\udf08MYSTICALLY c\u2019est deux voix, deux empreintes pour une seule et m\u00eame vibration... L\u2019essence m\u00eame de leur musique : des harmonies vocales f\u00e9minines au service d'un Reggae Roots aux sonorit\u00e9s afro-carib\u00e9ennes m\u00eal\u00e9es de Soul et d'influences World. MYSTICALLY, c\u2019est \u00e9galement une exp\u00e9rience sc\u00e9nique forte, une \u00e9nergie contagieuse port\u00e9e par des musiciens aux influences afro-jazz qui apportent chacun une touche d\u2019authenticit\u00e9 et de chaleur, faisant de chaque concert un moment de partage intense... d\u00e9finitivement soul reggae ! - ouverture du bar d\u00e8s 18h - concert 21h - PRIX LIBRE - petite restauration sur place -","robots":{"index":"index","follow":"follow","max-snippet":"max-snippet:-1","max-image-preview":"max-image-preview:large","max-video-preview":"max-video-preview:-1"},"canonical":"https:\/\/cafedelespace.com\/index.php\/2024\/10\/26\/mystically-vendredi-1er-novembre-2024-21h\/","og_locale":"fr_FR","og_type":"article","og_title":"Mystically - Vendredi 1er novembre 2024 - 21h &#8212; Le Caf\u00e9 de l&#039;Espace","og_description":"SAVE LA DATE !! \ud83e\udd29\ud83d\ude0e C'est LE concert \u00e9v\u00e9nement de REGGAE \u00e0 l'Espace !! Et c'est vendredi prochain !! Ca va groover !!Alors viens prendre ta dose de soleil avec les Mystically VENDREDI 1ER NOVEMBRE \u2600\ufe0f\ud83c\udf08MYSTICALLY c\u2019est deux voix, deux empreintes pour une seule et m\u00eame vibration... L\u2019essence m\u00eame de leur musique : des harmonies vocales f\u00e9minines au service d'un Reggae Roots aux sonorit\u00e9s afro-carib\u00e9ennes m\u00eal\u00e9es de Soul et d'influences World. MYSTICALLY, c\u2019est \u00e9galement une exp\u00e9rience sc\u00e9nique forte, une \u00e9nergie contagieuse port\u00e9e par des musiciens aux influences afro-jazz qui apportent chacun une touche d\u2019authenticit\u00e9 et de chaleur, faisant de chaque concert un moment de partage intense... d\u00e9finitivement soul reggae ! - ouverture du bar d\u00e8s 18h - concert 21h - PRIX LIBRE - petite restauration sur place -","og_url":"https:\/\/cafedelespace.com\/index.php\/2024\/10\/26\/mystically-vendredi-1er-novembre-2024-21h\/","og_site_name":"Le Caf\u00e9 de l&#039;Espace","article_publisher":"https:\/\/www.facebook.com\/Cafe.de.lEspace\/","article_published_time":"2024-10-26T13:35:12+00:00","article_modified_time":"2024-10-26T13:42:34+00:00","og_image":[{"width":1587,"height":2245,"url":"https:\/\/cafedelespace.com\/wp-content\/uploads\/2024\/10\/affiche-concert8-1.jpg","type":"image\/jpeg"}],"author":"animation","twitter_card":"summary_large_image","twitter_misc":{"\u00c9crit par":"animation","Dur\u00e9e de lecture estim\u00e9e":"1 minute"},"schema":{"@context":"https:\/\/schema.org","@graph":[{"@type":"Article","@id":"https:\/\/cafedelespace.com\/index.php\/2024\/10\/26\/mystically-vendredi-1er-novembre-2024-21h\/#article","isPartOf":{"@id":"https:\/\/cafedelespace.com\/index.php\/2024\/10\/26\/mystically-vendredi-1er-novembre-2024-21h\/"},"author":{"name":"animation","@id":"https:\/\/cafedelespace.com\/#\/schema\/person\/f9fc8028d82260f4b8da6d717881ed0c"},"headline":"Mystically &#8211; Vendredi 1er novembre 2024 &#8211; 21h","datePublished":"2024-10-26T13:35:12+00:00","dateModified":"2024-10-26T13:42:34+00:00","mainEntityOfPage":{"@id":"https:\/\/cafedelespace.com\/index.php\/2024\/10\/26\/mystically-vendredi-1er-novembre-2024-21h\/"},"wordCount":144,"publisher":{"@id":"https:\/\/cafedelespace.com\/#organization"},"image":{"@id":"https:\/\/cafedelespace.com\/index.php\/2024\/10\/26\/mystically-vendredi-1er-novembre-2024-21h\/#primaryimage"},"thumbnailUrl":"https:\/\/cafedelespace.com\/wp-content\/uploads\/2024\/10\/affiche-concert8-1.jpg","keywords":["concert"],"articleSection":["Concert"],"inLanguage":"fr-FR"},{"@type":"WebPage","@id":"https:\/\/cafedelespace.com\/index.php\/2024\/10\/26\/mystically-vendredi-1er-novembre-2024-21h\/","url":"https:\/\/cafedelespace.com\/index.php\/2024\/10\/26\/mystically-vendredi-1er-novembre-2024-21h\/","name":"Mystically - Vendredi 1er novembre 2024 - 21h &#8212; Le Caf\u00e9 de l&#039;Espace","isPartOf":{"@id":"https:\/\/cafedelespace.com\/#website"},"primaryImageOfPage":{"@id":"https:\/\/cafedelespace.com\/index.php\/2024\/10\/26\/mystically-vendredi-1er-novembre-2024-21h\/#primaryimage"},"image":{"@id":"https:\/\/cafedelespace.com\/index.php\/2024\/10\/26\/mystically-vendredi-1er-novembre-2024-21h\/#primaryimage"},"thumbnailUrl":"https:\/\/cafedelespace.com\/wp-content\/uploads\/2024\/10\/affiche-concert8-1.jpg","datePublished":"2024-10-26T13:35:12+00:00","dateModified":"2024-10-26T13:42:34+00:00","description":"SAVE LA DATE !! \ud83e\udd29\ud83d\ude0e C'est LE concert \u00e9v\u00e9nement de REGGAE \u00e0 l'Espace !! Et c'est vendredi prochain !! Ca va groover !!Alors viens prendre ta dose de soleil avec les Mystically VENDREDI 1ER NOVEMBRE \u2600\ufe0f\ud83c\udf08MYSTICALLY c\u2019est deux voix, deux empreintes pour une seule et m\u00eame vibration... L\u2019essence m\u00eame de leur musique : des harmonies vocales f\u00e9minines au service d'un Reggae Roots aux sonorit\u00e9s afro-carib\u00e9ennes m\u00eal\u00e9es de Soul et d'influences World. MYSTICALLY, c\u2019est \u00e9galement une exp\u00e9rience sc\u00e9nique forte, une \u00e9nergie contagieuse port\u00e9e par des musiciens aux influences afro-jazz qui apportent chacun une touche d\u2019authenticit\u00e9 et de chaleur, faisant de chaque concert un moment de partage intense... d\u00e9finitivement soul reggae ! - ouverture du bar d\u00e8s 18h - concert 21h - PRIX LIBRE - petite restauration sur place -","breadcrumb":{"@id":"https:\/\/cafedelespace.com\/index.php\/2024\/10\/26\/mystically-vendredi-1er-novembre-2024-21h\/#breadcrumb"},"inLanguage":"fr-FR","potentialAction":[{"@type":"ReadAction","target":["https:\/\/cafedelespace.com\/index.php\/2024\/10\/26\/mystically-vendredi-1er-novembre-2024-21h\/"]}]},{"@type":"ImageObject","inLanguage":"fr-FR","@id":"https:\/\/cafedelespace.com\/index.php\/2024\/10\/26\/mystically-vendredi-1er-novembre-2024-21h\/#primaryimage","url":"https:\/\/cafedelespace.com\/wp-content\/uploads\/2024\/10\/affiche-concert8-1.jpg","contentUrl":"https:\/\/cafedelespace.com\/wp-content\/uploads\/2024\/10\/affiche-concert8-1.jpg","width":1587,"height":2245},{"@type":"BreadcrumbList","@id":"https:\/\/cafedelespace.com\/index.php\/2024\/10\/26\/mystically-vendredi-1er-novembre-2024-21h\/#breadcrumb","itemListElement":[{"@type":"ListItem","position":1,"name":"Accueil","item":"https:\/\/cafedelespace.com\/"},{"@type":"ListItem","position":2,"name":"Mystically &#8211; Vendredi 1er novembre 2024 &#8211; 21h"}]},{"@type":"WebSite","@id":"https:\/\/cafedelespace.com\/#website","url":"https:\/\/cafedelespace.com\/","name":"Le Caf\u00e9 de l Espace - Espace Associatif Alain Fauriaux","description":"Espace Associatif Alain Fauriaux","publisher":{"@id":"https:\/\/cafedelespace.com\/#organization"},"potentialAction":[{"@type":"SearchAction","target":{"@type":"EntryPoint","urlTemplate":"https:\/\/cafedelespace.com\/?s={search_term_string}"},"query-input":{"@type":"PropertyValueSpecification","valueRequired":true,"valueName":"search_term_string"}}],"inLanguage":"fr-FR"},{"@type":"Organization","@id":"https:\/\/cafedelespace.com\/#organization","name":"Caf\u00e9 de l'Espace","url":"https:\/\/cafedelespace.com\/","logo":{"@type":"ImageObject","inLanguage":"fr-FR","@id":"https:\/\/cafedelespace.com\/#\/schema\/logo\/image\/","url":"https:\/\/cafedelespace.com\/wp-content\/uploads\/2020\/04\/logo-peinture.png","contentUrl":"https:\/\/cafedelespace.com\/wp-content\/uploads\/2020\/04\/logo-peinture.png","width":500,"height":500,"caption":"Caf\u00e9 de l'Espace"},"image":{"@id":"https:\/\/cafedelespace.com\/#\/schema\/logo\/image\/"},"sameAs":["https:\/\/www.facebook.com\/Cafe.de.lEspace\/"]},{"@type":"Person","@id":"https:\/\/cafedelespace.com\/#\/schema\/person\/f9fc8028d82260f4b8da6d717881ed0c","name":"animation","image":{"@type":"ImageObject","inLanguage":"fr-FR","@id":"https:\/\/secure.gravatar.com\/avatar\/58751f777ed4b9efaea83cfa49d063a6860235226a02165cc8c73a7675e9eea2?s=96&d=mm&r=g","url":"https:\/\/secure.gravatar.com\/avatar\/58751f777ed4b9efaea83cfa49d063a6860235226a02165cc8c73a7675e9eea2?s=96&d=mm&r=g","contentUrl":"https:\/\/secure.gravatar.com\/avatar\/58751f777ed4b9efaea83cfa49d063a6860235226a02165cc8c73a7675e9eea2?s=96&d=mm&r=g","caption":"animation"}}]}},"_links":{"self":[{"href":"https:\/\/cafedelespace.com\/index.php\/wp-json\/wp\/v2\/posts\/1537","targetHints":{"allow":["GET"]}}],"collection":[{"href":"https:\/\/cafedelespace.com\/index.php\/wp-json\/wp\/v2\/posts"}],"about":[{"href":"https:\/\/cafedelespace.com\/index.php\/wp-json\/wp\/v2\/types\/post"}],"author":[{"embeddable":true,"href":"https:\/\/cafedelespace.com\/index.php\/wp-json\/wp\/v2\/users\/3"}],"replies":[{"embeddable":true,"href":"https:\/\/cafedelespace.com\/index.php\/wp-json\/wp\/v2\/comments?post=1537"}],"version-history":[{"count":3,"href":"https:\/\/cafedelespace.com\/index.php\/wp-json\/wp\/v2\/posts\/1537\/revisions"}],"predecessor-version":[{"id":1544,"href":"https:\/\/cafedelespace.com\/index.php\/wp-json\/wp\/v2\/posts\/1537\/revisions\/1544"}],"wp:featuredmedia":[{"embeddable":true,"href":"https:\/\/cafedelespace.com\/index.php\/wp-json\/wp\/v2\/media\/1543"}],"wp:attachment":[{"href":"https:\/\/cafedelespace.com\/index.php\/wp-json\/wp\/v2\/media?parent=1537"}],"wp:term":[{"taxonomy":"category","embeddable":true,"href":"https:\/\/cafedelespace.com\/index.php\/wp-json\/wp\/v2\/categories?post=1537"},{"taxonomy":"post_tag","embeddable":true,"href":"https:\/\/cafedelespace.com\/index.php\/wp-json\/wp\/v2\/tags?post=1537"}],"curies":[{"name":"wp","href":"https:\/\/api.w.org\/{rel}","templated":true}]}}